{"id":71054,"date":"2025-11-29T16:34:49","date_gmt":"2025-11-29T13:34:49","guid":{"rendered":"https:\/\/www.egemtv.com\/?p=71054"},"modified":"2025-11-29T16:34:50","modified_gmt":"2025-11-29T13:34:50","slug":"selin-etkiledigi-focanin-sokaklari-venedike-dondu","status":"publish","type":"post","link":"https:\/\/www.egemtv.com\/?p=71054","title":{"rendered":"Selin etkiledi\u011fi Fo\u00e7a\u2019n\u0131n sokaklar\u0131 Venedik\u2019e d\u00f6nd\u00fc"},"content":{"rendered":"<p>\u0130zmir genelinde etkili olan sa\u011fanak ya\u011f\u0131\u015f sebebiyle Fo\u00e7a\u2019da su basan i\u015f yerlerinde esnaf b\u00fcy\u00fck ma\u011fduriyet ya\u015farken, sokaklar ise adeta Venedik\u2019i and\u0131rd\u0131.<br \/>\n<br \/>\u0130zmir genelinde d\u00fcn ak\u015fam saatlerinde ba\u015flayan sa\u011fanak ya\u011f\u0131\u015f sabah saatlerine etkisini art\u0131rd\u0131. Ba\u015fta \u00c7e\u015fme ve Karaburun olmak \u00fczere Dikili ve Fo\u00e7a\u2019da hayat\u0131 olumsuz etkileyen sa\u011fanak ya\u011f\u0131\u015f, baz\u0131 b\u00f6lgelerde ta\u015fk\u0131nlara neden oldu. R\u00f6garlar ve derelerden ta\u015fan sular sele d\u00f6n\u00fc\u015f\u00fcrken, \u00e7ok say\u0131da ev ve i\u015f yeri de sular alt\u0131nda kald\u0131. Su seviyenin diz boyunu a\u015ft\u0131\u011f\u0131 sokaklar adeta Venedik\u2019i an\u0131msatt\u0131.<br \/>\n<br \/>Fo\u00e7a\u2019da Fevzi \u00c7akmak Mahallesi Ali Stair Caddesi\u2019nde esnaf b\u00fcy\u00fck ma\u011fduriyet ya\u015fad\u0131. Ayakkab\u0131 d\u00fckkan\u0131 sahibi Yakup Say\u0131l\u0131r isimli ya\u015fl\u0131 esnaf, &#8220;Sabah d\u00fckkan\u0131m\u0131 a\u00e7maya geldim; her taraf sel, d\u00fckkan\u0131m su i\u00e7inde. Ayakkab\u0131lar, terlikler \u0131slanm\u0131\u015f zarar\u0131m b\u00fcy\u00fck. Kendi imkanlar\u0131mla suyu d\u0131\u015far\u0131 atmaya \u00e7al\u0131\u015ft\u0131m ba\u015faramad\u0131m, \u0130ZSU ekibi geldi onlar da ba\u015faramad\u0131. \u0130stafiyeyi bekliyoruz.&#8221; dedi.<br \/>\n<br \/>B\u00f6lgede su bask\u0131nlar\u0131n\u0131n ya\u015fand\u0131\u011f\u0131 otellerde ve i\u015f yerlerinde su tahliye \u00e7al\u0131\u015fmalar\u0131 devam ediyor.<br \/><\/p>\n","protected":false},"excerpt":{"rendered":"<p>\u0130zmir genelinde etkili olan sa\u011fanak ya\u011f\u0131\u015f sebebiyle Fo\u00e7a\u2019da su basan i\u015f yerlerinde esnaf b\u00fcy\u00fck ma\u011fduriyet ya\u015farken, sokaklar ise adeta Venedik\u2019i and\u0131rd\u0131. \u0130zmir genelinde d\u00fcn ak\u015fam saatlerinde ba\u015flayan sa\u011fanak ya\u011f\u0131\u015f sabah saatlerine etkisini art\u0131rd\u0131. Ba\u015fta \u00c7e\u015fme ve Karaburun olmak \u00fczere Dikili ve Fo\u00e7a\u2019da hayat\u0131 olumsuz etkileyen sa\u011fanak ya\u011f\u0131\u015f, baz\u0131 b\u00f6lgelerde ta\u015fk\u0131nlara neden oldu. R\u00f6garlar ve derelerden&#8230;<\/p>\n","protected":false},"author":1,"featured_media":71055,"comment_status":"open","ping_status":"open","sticky":false,"template":"","format":"standard","meta":{"_crdt_document":"","footnotes":""},"categories":[5],"tags":[],"class_list":["post-71054","post","type-post","status-publish","format-standard","has-post-thumbnail","hentry","category-asayis"],"_links":{"self":[{"href":"https:\/\/www.egemtv.com\/index.php?rest_route=\/wp\/v2\/posts\/71054","targetHints":{"allow":["GET"]}}],"collection":[{"href":"https:\/\/www.egemtv.com\/index.php?rest_route=\/wp\/v2\/posts"}],"about":[{"href":"https:\/\/www.egemtv.com\/index.php?rest_route=\/wp\/v2\/types\/post"}],"author":[{"embeddable":true,"href":"https:\/\/www.egemtv.com\/index.php?rest_route=\/wp\/v2\/users\/1"}],"replies":[{"embeddable":true,"href":"https:\/\/www.egemtv.com\/index.php?rest_route=%2Fwp%2Fv2%2Fcomments&post=71054"}],"version-history":[{"count":1,"href":"https:\/\/www.egemtv.com\/index.php?rest_route=\/wp\/v2\/posts\/71054\/revisions"}],"predecessor-version":[{"id":71056,"href":"https:\/\/www.egemtv.com\/index.php?rest_route=\/wp\/v2\/posts\/71054\/revisions\/71056"}],"wp:featuredmedia":[{"embeddable":true,"href":"https:\/\/www.egemtv.com\/index.php?rest_route=\/wp\/v2\/media\/71055"}],"wp:attachment":[{"href":"https:\/\/www.egemtv.com\/index.php?rest_route=%2Fwp%2Fv2%2Fmedia&parent=71054"}],"wp:term":[{"taxonomy":"category","embeddable":true,"href":"https:\/\/www.egemtv.com\/index.php?rest_route=%2Fwp%2Fv2%2Fcategories&post=71054"},{"taxonomy":"post_tag","embeddable":true,"href":"https:\/\/www.egemtv.com\/index.php?rest_route=%2Fwp%2Fv2%2Ftags&post=71054"}],"curies":[{"name":"wp","href":"https:\/\/api.w.org\/{rel}","templated":true}]}}