{"id":71051,"date":"2025-11-29T16:34:49","date_gmt":"2025-11-29T13:34:49","guid":{"rendered":"https:\/\/www.egemtv.com\/?p=71051"},"modified":"2025-11-29T16:34:49","modified_gmt":"2025-11-29T13:34:49","slug":"sarigolde-ozlenen-yagislar-ciftcinin-yuzunu-guldurdu","status":"publish","type":"post","link":"https:\/\/www.egemtv.com\/?p=71051","title":{"rendered":"Sar\u0131g\u00f6l\u2019de \u00f6zlenen ya\u011f\u0131\u015flar \u00e7ift\u00e7inin y\u00fcz\u00fcn\u00fc g\u00fcld\u00fcrd\u00fc"},"content":{"rendered":"<p>Uzun s\u00fcredir ya\u011fmur bekleyen Sar\u0131g\u00f6ll\u00fc \u00fcreticiler, sa\u011fanaklar\u0131n \u00fcz\u00fcm ba\u011flar\u0131 ve ekili alanlara can suyu olmas\u0131n\u0131n sevincini ya\u015f\u0131yor. Kurakl\u0131k nedeniyle endi\u015fe ya\u015fayan \u00e7ift\u00e7iler, ya\u011f\u0131\u015flar\u0131n barajlara da katk\u0131 sa\u011flamas\u0131n\u0131 umut ediyor.<br \/>\n<br \/>Manisa\u2019n\u0131n Sar\u0131g\u00f6l il\u00e7esinde uzun s\u00fcredir beklenen ya\u011f\u0131\u015flar\u0131n ba\u015flamas\u0131, \u00e7ift\u00e7iler aras\u0131nda b\u00fcy\u00fck memnuniyet olu\u015fturdu. \u00d6zellikle \u00fcz\u00fcm ba\u011flar\u0131 ve di\u011fer ekili alanlarda etkili olan ya\u011fmurun, topra\u011fa can suyu oldu\u011fu ifade edildi.<br \/>\n<br \/>Son y\u0131llarda ya\u015fanan kurakl\u0131k nedeniyle yer alt\u0131 su seviyelerinin d\u00fc\u015ft\u00fc\u011f\u00fcn\u00fc, Buldan ve Af\u015far barajlar\u0131ndaki su miktar\u0131n\u0131n azalmas\u0131n\u0131n ise \u00fcreticileri endi\u015feye sevk etti\u011fini belirten \u00e7ift\u00e7iler, son g\u00fcnlerde etkili olan sa\u011fanak ya\u011f\u0131\u015flar\u0131n tar\u0131m i\u00e7in b\u00fcy\u00fck \u00f6nem ta\u015f\u0131d\u0131\u011f\u0131n\u0131 s\u00f6yledi.<br \/>\n<br \/>\u00dcz\u00fcm \u00fcreticisi Ahmet Tosun, ya\u011f\u0131\u015flar\u0131n topra\u011fa faydal\u0131 \u015fekilde d\u00fc\u015ft\u00fc\u011f\u00fcn\u00fc belirterek, &#8220;Bu ya\u011fmurlar\u0131 \u00f6zledik. Sa\u011fanak halinde ya\u011f\u0131yor, toprak emerek kal\u0131c\u0131 hale getiriyor. B\u00f6yle ya\u011fmas\u0131 \u00e7ok yararl\u0131 olur. \u015eiddetli olunca sel oluyor, zarara yol a\u00e7\u0131yor. Allah\u2019\u0131m bereketli ya\u011f\u0131\u015flar versin, barajlar\u0131m\u0131z dolsun.&#8221; dedi.<br \/><\/p>\n","protected":false},"excerpt":{"rendered":"<p>Uzun s\u00fcredir ya\u011fmur bekleyen Sar\u0131g\u00f6ll\u00fc \u00fcreticiler, sa\u011fanaklar\u0131n \u00fcz\u00fcm ba\u011flar\u0131 ve ekili alanlara can suyu olmas\u0131n\u0131n sevincini ya\u015f\u0131yor. Kurakl\u0131k nedeniyle endi\u015fe ya\u015fayan \u00e7ift\u00e7iler, ya\u011f\u0131\u015flar\u0131n barajlara da katk\u0131 sa\u011flamas\u0131n\u0131 umut ediyor. Manisa\u2019n\u0131n Sar\u0131g\u00f6l il\u00e7esinde uzun s\u00fcredir beklenen ya\u011f\u0131\u015flar\u0131n ba\u015flamas\u0131, \u00e7ift\u00e7iler aras\u0131nda b\u00fcy\u00fck memnuniyet olu\u015fturdu. \u00d6zellikle \u00fcz\u00fcm ba\u011flar\u0131 ve di\u011fer ekili alanlarda etkili olan ya\u011fmurun, topra\u011fa can suyu&#8230;<\/p>\n","protected":false},"author":1,"featured_media":71052,"comment_status":"open","ping_status":"open","sticky":false,"template":"","format":"standard","meta":{"_crdt_document":"","footnotes":""},"categories":[1],"tags":[],"class_list":["post-71051","post","type-post","status-publish","format-standard","has-post-thumbnail","hentry","category-guncel"],"_links":{"self":[{"href":"https:\/\/www.egemtv.com\/index.php?rest_route=\/wp\/v2\/posts\/71051","targetHints":{"allow":["GET"]}}],"collection":[{"href":"https:\/\/www.egemtv.com\/index.php?rest_route=\/wp\/v2\/posts"}],"about":[{"href":"https:\/\/www.egemtv.com\/index.php?rest_route=\/wp\/v2\/types\/post"}],"author":[{"embeddable":true,"href":"https:\/\/www.egemtv.com\/index.php?rest_route=\/wp\/v2\/users\/1"}],"replies":[{"embeddable":true,"href":"https:\/\/www.egemtv.com\/index.php?rest_route=%2Fwp%2Fv2%2Fcomments&post=71051"}],"version-history":[{"count":1,"href":"https:\/\/www.egemtv.com\/index.php?rest_route=\/wp\/v2\/posts\/71051\/revisions"}],"predecessor-version":[{"id":71053,"href":"https:\/\/www.egemtv.com\/index.php?rest_route=\/wp\/v2\/posts\/71051\/revisions\/71053"}],"wp:featuredmedia":[{"embeddable":true,"href":"https:\/\/www.egemtv.com\/index.php?rest_route=\/wp\/v2\/media\/71052"}],"wp:attachment":[{"href":"https:\/\/www.egemtv.com\/index.php?rest_route=%2Fwp%2Fv2%2Fmedia&parent=71051"}],"wp:term":[{"taxonomy":"category","embeddable":true,"href":"https:\/\/www.egemtv.com\/index.php?rest_route=%2Fwp%2Fv2%2Fcategories&post=71051"},{"taxonomy":"post_tag","embeddable":true,"href":"https:\/\/www.egemtv.com\/index.php?rest_route=%2Fwp%2Fv2%2Ftags&post=71051"}],"curies":[{"name":"wp","href":"https:\/\/api.w.org\/{rel}","templated":true}]}}