{"id":71048,"date":"2025-11-29T16:34:47","date_gmt":"2025-11-29T13:34:47","guid":{"rendered":"https:\/\/www.egemtv.com\/?p=71048"},"modified":"2025-11-29T16:34:48","modified_gmt":"2025-11-29T13:34:48","slug":"kontrolden-cikan-tir-bariyerlere-ve-elektrik-diregine-carparak-tarlaya-savruldu-1-yarali","status":"publish","type":"post","link":"https:\/\/www.egemtv.com\/?p=71048","title":{"rendered":"Kontrolden \u00e7\u0131kan t\u0131r bariyerlere ve elektrik dire\u011fine \u00e7arparak tarlaya savruldu: 1 yaral\u0131"},"content":{"rendered":"<p>Isparta\u2019da s\u00fcr\u00fcc\u00fcs\u00fcn\u00fcn kontrol\u00fcnden \u00e7\u0131kan t\u0131r\u0131n bariyerlere ve elektrik dire\u011fine \u00e7arparak tarlaya savruldu\u011fu kazada s\u00fcr\u00fcc\u00fc yaraland\u0131.<br \/>\n<br \/>Kaza, saat 12.00 s\u0131ralar\u0131nda Isparta\u2013E\u011firdir karayolunun 13\u2019\u00fcnc\u00fc kilometresinde Kule\u00f6n\u00fc Beldesi yak\u0131nlar\u0131nda meydana geldi. Edinilen bilgiye g\u00f6re, H.Y. (46) idaresindeki 32 PP 836 plakal\u0131 t\u0131r, s\u00fcr\u00fcc\u00fcs\u00fcn\u00fcn direksiyon h\u00e2kimiyetini kaybetmesi sonucu kontrolden \u00e7\u0131karak \u00f6nce bariyerlere, ard\u0131ndan yol kenar\u0131nda bulunan elektrik dire\u011fine \u00e7arpt\u0131. \u00c7arpman\u0131n etkisiyle TIR tarlaya savrulurken, s\u00fcr\u00fcc\u00fc H.Y. yaraland\u0131. Kazay\u0131 g\u00f6renlerin ihbar\u0131 \u00fczerine b\u00f6lgeye jandarma ve sa\u011fl\u0131k ekipleri sevk edildi. Olay yerine gelen sa\u011fl\u0131k ekipleri taraf\u0131ndan ilk m\u00fcdahalesi yap\u0131lan yaral\u0131 s\u00fcr\u00fcc\u00fc, ambulansla Isparta \u015eehir Hastanesi\u2019ne kald\u0131r\u0131ld\u0131. S\u00fcr\u00fcc\u00fc H.Y.\u2019nin hayati tehlikesinin bulunmad\u0131\u011f\u0131 \u00f6\u011frenildi. Jandarma ekipleri olay yerinde g\u00fcvenlik \u00f6nlemleri al\u0131rken, t\u0131r vin\u00e7 yard\u0131m\u0131yla bulundu\u011fu yerden \u00e7\u0131kar\u0131larak yol trafi\u011fe a\u00e7\u0131ld\u0131. Kaza ile ilgili inceleme ba\u015flat\u0131ld\u0131.<br \/><\/p>\n","protected":false},"excerpt":{"rendered":"<p>Isparta\u2019da s\u00fcr\u00fcc\u00fcs\u00fcn\u00fcn kontrol\u00fcnden \u00e7\u0131kan t\u0131r\u0131n bariyerlere ve elektrik dire\u011fine \u00e7arparak tarlaya savruldu\u011fu kazada s\u00fcr\u00fcc\u00fc yaraland\u0131. Kaza, saat 12.00 s\u0131ralar\u0131nda Isparta\u2013E\u011firdir karayolunun 13\u2019\u00fcnc\u00fc kilometresinde Kule\u00f6n\u00fc Beldesi yak\u0131nlar\u0131nda meydana geldi. Edinilen bilgiye g\u00f6re, H.Y. (46) idaresindeki 32 PP 836 plakal\u0131 t\u0131r, s\u00fcr\u00fcc\u00fcs\u00fcn\u00fcn direksiyon h\u00e2kimiyetini kaybetmesi sonucu kontrolden \u00e7\u0131karak \u00f6nce bariyerlere, ard\u0131ndan yol kenar\u0131nda bulunan elektrik dire\u011fine \u00e7arpt\u0131&#8230;.<\/p>\n","protected":false},"author":1,"featured_media":71049,"comment_status":"open","ping_status":"open","sticky":false,"template":"","format":"standard","meta":{"_crdt_document":"","footnotes":""},"categories":[5],"tags":[],"class_list":["post-71048","post","type-post","status-publish","format-standard","has-post-thumbnail","hentry","category-asayis"],"_links":{"self":[{"href":"https:\/\/www.egemtv.com\/index.php?rest_route=\/wp\/v2\/posts\/71048","targetHints":{"allow":["GET"]}}],"collection":[{"href":"https:\/\/www.egemtv.com\/index.php?rest_route=\/wp\/v2\/posts"}],"about":[{"href":"https:\/\/www.egemtv.com\/index.php?rest_route=\/wp\/v2\/types\/post"}],"author":[{"embeddable":true,"href":"https:\/\/www.egemtv.com\/index.php?rest_route=\/wp\/v2\/users\/1"}],"replies":[{"embeddable":true,"href":"https:\/\/www.egemtv.com\/index.php?rest_route=%2Fwp%2Fv2%2Fcomments&post=71048"}],"version-history":[{"count":1,"href":"https:\/\/www.egemtv.com\/index.php?rest_route=\/wp\/v2\/posts\/71048\/revisions"}],"predecessor-version":[{"id":71050,"href":"https:\/\/www.egemtv.com\/index.php?rest_route=\/wp\/v2\/posts\/71048\/revisions\/71050"}],"wp:featuredmedia":[{"embeddable":true,"href":"https:\/\/www.egemtv.com\/index.php?rest_route=\/wp\/v2\/media\/71049"}],"wp:attachment":[{"href":"https:\/\/www.egemtv.com\/index.php?rest_route=%2Fwp%2Fv2%2Fmedia&parent=71048"}],"wp:term":[{"taxonomy":"category","embeddable":true,"href":"https:\/\/www.egemtv.com\/index.php?rest_route=%2Fwp%2Fv2%2Fcategories&post=71048"},{"taxonomy":"post_tag","embeddable":true,"href":"https:\/\/www.egemtv.com\/index.php?rest_route=%2Fwp%2Fv2%2Ftags&post=71048"}],"curies":[{"name":"wp","href":"https:\/\/api.w.org\/{rel}","templated":true}]}}