{"id":71045,"date":"2025-11-29T16:15:04","date_gmt":"2025-11-29T13:15:04","guid":{"rendered":"https:\/\/www.egemtv.com\/?p=71045"},"modified":"2025-11-29T16:15:05","modified_gmt":"2025-11-29T13:15:05","slug":"soke-1970-skda-kulubun-yol-haritasi-belirlendi","status":"publish","type":"post","link":"https:\/\/www.egemtv.com\/?p=71045","title":{"rendered":"S\u00f6ke 1970 SK\u2019da kul\u00fcb\u00fcn yol haritas\u0131 belirlendi"},"content":{"rendered":"<p>TFF 3. Lig\u2019de m\u00fccadele eden S\u00f6ke 1970 SK\u2019da son haftalarda ya\u015fanan geli\u015fmelerin ard\u0131ndan Kul\u00fcp Ba\u015fkan\u0131 Mahmut G\u00f6z\u00fca\u00e7\u0131k, y\u00f6neticilerle birlikte bas\u0131n mensuplar\u0131yla bir araya gelerek \u00f6nemli a\u00e7\u0131klamalarda bulundu.<\/p>\n<p>TFF\u2019nin bahis operasyonu kapsam\u0131nda 7 futbolcusunun ceza almas\u0131yla sars\u0131lan S\u00f6ke 1970 SK, ard\u0131ndan forvet oyuncusu Kubilay K\u00f6yl\u00fc ile yollar\u0131n\u0131 ay\u0131rm\u0131\u015ft\u0131. Lige verilen ara d\u00f6nemde radikal bir kararla ekonomik k\u00fc\u00e7\u00fclmeye giden kul\u00fcp, ge\u00e7ti\u011fimiz hafta teknik direkt\u00f6r An\u0131l Can Yolg\u00f6rmez ve ekibiyle de yollar\u0131n\u0131 ay\u0131rd\u0131. Ba\u015fkan G\u00f6z\u00fca\u00e7\u0131k, bu geli\u015fmeler sonras\u0131 s\u00fcreci de\u011ferlendirmek ve kul\u00fcb\u00fcn yol haritas\u0131n\u0131 payla\u015fmak \u00fczere bas\u0131n toplant\u0131s\u0131 d\u00fczenledi. S\u00f6ke\u2019ye geldikleri g\u00fcnden bu yana Belediye Ba\u015fkan\u0131 Dr. Mustafa \u0130berya Ar\u0131kan ve belediye y\u00f6netiminden b\u00fcy\u00fck destek g\u00f6rd\u00fcklerini ifade eden Ba\u015fkan G\u00f6z\u00fca\u00e7\u0131k, stadyumun tamamlanmam\u0131\u015f olmas\u0131n\u0131n en b\u00fcy\u00fck handikaplar\u0131 oldu\u011funu belirtti. G\u00f6z\u00fca\u00e7\u0131k; &#8220;\u0130\u00e7 saha ma\u00e7lar\u0131n\u0131 Didim\u2019de oynamam\u0131za ra\u011fmen taraftarlar\u0131m\u0131z bizi hi\u00e7bir zaman yaln\u0131z b\u0131rakmad\u0131. Ocak ay\u0131ndan itibaren ma\u00e7lar\u0131m\u0131z\u0131 S\u00f6ke\u2019de oynamaya ba\u015flay\u0131nca havan\u0131n tamamen de\u011fi\u015fece\u011fine inan\u0131yoruz&#8221; dedi.<\/p>\n<p>Ge\u00e7mi\u015f y\u0131llardan gelen sorunlar ve bug\u00fcn\u00fcn ekonomik \u015fartlar\u0131 nedeniyle sponsor bulmakta zorland\u0131klar\u0131n\u0131 belirten G\u00f6z\u00fca\u00e7\u0131k, rekabet ettikleri gruptaki di\u011fer kul\u00fcplerin mali yap\u0131s\u0131na dikkat \u00e7ekti. Ba\u015fkan G\u00f6z\u00fca\u00e7\u0131k; &#8220;S\u00fcper Lig g\u00f6rm\u00fc\u015f, b\u00fcy\u00fck b\u00fct\u00e7eli tak\u0131mlarla m\u00fccadele ediyoruz. S\u00fcrd\u00fcr\u00fclebilir bir ekonomik yap\u0131 i\u00e7in i\u015f insanlar\u0131n\u0131n ve b\u00fcy\u00fck firmalar\u0131n deste\u011fine ihtiyac\u0131m\u0131z var&#8221; ifadelerini kulland\u0131.<\/p>\n<p>&#8220;Bahis operasyonu T\u00fcrk futbolu i\u00e7in devrim ama eksikler var&#8221;<br \/>\n<br \/>TFF\u2019nin y\u00fcr\u00fctt\u00fc\u011f\u00fc bahis operasyonunu T\u00fcrk futbolu i\u00e7in &#8220;devrim&#8221; olarak nitelendiren Ba\u015fkan G\u00f6z\u00fca\u00e7\u0131k, baz\u0131 noktalarda ise sistemsel s\u0131k\u0131nt\u0131lar oldu\u011funu s\u00f6yledi. Mahmut G\u00f6z\u00fca\u00e7\u0131k; &#8220;Ceza alan 4 futbolcumuz bu eylemi profesyonel olmadan, amat\u00f6r ligdeyken ger\u00e7ekle\u015ftirmi\u015f. G\u00f6zler g\u00f6rmese de vicdanlar\u0131n g\u00f6rmesi gerekir. Bahisin zaman\u0131, y\u00f6ntemi ve legal-illegal s\u0131n\u0131rlar\u0131n hepsi sorgulanmal\u0131. Ayr\u0131ca profesyonel ligler a\u00e7\u0131klan\u0131rken amat\u00f6r ligin a\u00e7\u0131klanmamas\u0131 bizi zora soktu, grubumuzda bir\u00e7ok tak\u0131m\u0131n transfer yasa\u011f\u0131 var&#8221; dedi.<\/p>\n<p>&#8220;Geni\u015f ve gen\u00e7 kadromuzla sahaday\u0131z&#8221;<br \/>\n<br \/>Yapt\u0131r\u0131mlardan etkilenmelerine ra\u011fmen, kadro yap\u0131s\u0131n\u0131n di\u011fer tak\u0131mlara g\u00f6re daha avantajl\u0131 oldu\u011funu belirten Ba\u015fkan G\u00f6z\u00fca\u00e7\u0131k; &#8220;Gen\u00e7, geni\u015f ve m\u00fccadele g\u00fcc\u00fc y\u00fcksek bir kadromuz var. Karakterli futbolculara sahibiz. K\u00f6t\u00fcn\u00fcn iyisi durumday\u0131z&#8221; \u015feklinde konu\u015ftu. Bas\u0131n toplant\u0131s\u0131nda Kul\u00fcp Ba\u015fkan\u0131 Mahmut G\u00f6z\u00fca\u00e7\u0131k\u2019\u0131n yan\u0131 s\u0131ra kul\u00fcp y\u00f6neticisi Keramettin Temiz, S\u00f6ke 1970 SK\u2019ya destek veren Belediye Ba\u015fkan Vekili \u015eakir G\u00fclmez, Belediye Ba\u015fkan Yard\u0131mc\u0131s\u0131 Ahmet Evin ve Meclis \u00dcyesi Muharrem \u00d6zcan da haz\u0131r bulundu.<br \/><\/p>\n","protected":false},"excerpt":{"rendered":"<p>TFF 3. Lig\u2019de m\u00fccadele eden S\u00f6ke 1970 SK\u2019da son haftalarda ya\u015fanan geli\u015fmelerin ard\u0131ndan Kul\u00fcp Ba\u015fkan\u0131 Mahmut G\u00f6z\u00fca\u00e7\u0131k, y\u00f6neticilerle birlikte bas\u0131n mensuplar\u0131yla bir araya gelerek \u00f6nemli a\u00e7\u0131klamalarda bulundu. TFF\u2019nin bahis operasyonu kapsam\u0131nda 7 futbolcusunun ceza almas\u0131yla sars\u0131lan S\u00f6ke 1970 SK, ard\u0131ndan forvet oyuncusu Kubilay K\u00f6yl\u00fc ile yollar\u0131n\u0131 ay\u0131rm\u0131\u015ft\u0131. Lige verilen ara d\u00f6nemde radikal bir kararla ekonomik&#8230;<\/p>\n","protected":false},"author":1,"featured_media":71046,"comment_status":"open","ping_status":"open","sticky":false,"template":"","format":"standard","meta":{"_crdt_document":"","footnotes":""},"categories":[4],"tags":[],"class_list":["post-71045","post","type-post","status-publish","format-standard","has-post-thumbnail","hentry","category-spor"],"_links":{"self":[{"href":"https:\/\/www.egemtv.com\/index.php?rest_route=\/wp\/v2\/posts\/71045","targetHints":{"allow":["GET"]}}],"collection":[{"href":"https:\/\/www.egemtv.com\/index.php?rest_route=\/wp\/v2\/posts"}],"about":[{"href":"https:\/\/www.egemtv.com\/index.php?rest_route=\/wp\/v2\/types\/post"}],"author":[{"embeddable":true,"href":"https:\/\/www.egemtv.com\/index.php?rest_route=\/wp\/v2\/users\/1"}],"replies":[{"embeddable":true,"href":"https:\/\/www.egemtv.com\/index.php?rest_route=%2Fwp%2Fv2%2Fcomments&post=71045"}],"version-history":[{"count":1,"href":"https:\/\/www.egemtv.com\/index.php?rest_route=\/wp\/v2\/posts\/71045\/revisions"}],"predecessor-version":[{"id":71047,"href":"https:\/\/www.egemtv.com\/index.php?rest_route=\/wp\/v2\/posts\/71045\/revisions\/71047"}],"wp:featuredmedia":[{"embeddable":true,"href":"https:\/\/www.egemtv.com\/index.php?rest_route=\/wp\/v2\/media\/71046"}],"wp:attachment":[{"href":"https:\/\/www.egemtv.com\/index.php?rest_route=%2Fwp%2Fv2%2Fmedia&parent=71045"}],"wp:term":[{"taxonomy":"category","embeddable":true,"href":"https:\/\/www.egemtv.com\/index.php?rest_route=%2Fwp%2Fv2%2Fcategories&post=71045"},{"taxonomy":"post_tag","embeddable":true,"href":"https:\/\/www.egemtv.com\/index.php?rest_route=%2Fwp%2Fv2%2Ftags&post=71045"}],"curies":[{"name":"wp","href":"https:\/\/api.w.org\/{rel}","templated":true}]}}