{"id":71042,"date":"2025-11-29T16:15:03","date_gmt":"2025-11-29T13:15:03","guid":{"rendered":"https:\/\/www.egemtv.com\/?p=71042"},"modified":"2025-11-29T16:15:04","modified_gmt":"2025-11-29T13:15:04","slug":"milletvekili-demir-kutahya-koruyucu-aile-dernegi-yonetimini-agirladi","status":"publish","type":"post","link":"https:\/\/www.egemtv.com\/?p=71042","title":{"rendered":"Milletvekili Demir, K\u00fctahya Koruyucu Aile Derne\u011fi y\u00f6netimini a\u011f\u0131rlad\u0131"},"content":{"rendered":"<p>AK Parti K\u00fctahya Milletvekili Mehmet Demir, Tav\u015fanl\u0131\u2019da 2007 y\u0131l\u0131ndan bu yana faaliyetlerini s\u00fcrd\u00fcren K\u00fctahya Koruyucu Aile Derne\u011fi Ba\u015fkan\u0131 Yasemin \u00c7avdar ve dernek y\u00f6netim kurulu \u00fcyelerini makam\u0131nda a\u011f\u0131rlad\u0131.<br \/>\n<br \/>Tav\u015fanl\u0131\u2019da ger\u00e7ekle\u015ftirilen ziyarette Dernek Ba\u015fkan\u0131 Yasemin \u00c7avdar\u2019\u0131n yan\u0131 s\u0131ra y\u00f6netim kurulu \u00fcyeleri Fatma Albayrak, \u015e\u00fckran Demiralp, Cemile Teke, Bedriye Derin ve \u015e\u00fckran G\u00fcnd\u00f6nd\u00fc de yer ald\u0131.<br \/>\n<br \/>Ziyaret sonras\u0131 a\u00e7\u0131klama yapan Milletvekili Mehmet Demir, derne\u011fin Tav\u015fanl\u0131\u2019da b\u00fcy\u00fck bir \u00f6zveri ve g\u00f6n\u00fcll\u00fcl\u00fck bilinciyle \u00e7al\u0131\u015fmalar y\u00fcr\u00fctt\u00fc\u011f\u00fcn\u00fc vurgulad\u0131. Demir, &#8220;\u00c7ocuklar\u0131m\u0131z\u0131n gelece\u011fine umut olan, sevgi ve fedak\u00e2rl\u0131\u011f\u0131n en g\u00fczel \u00f6rneklerini sergileyen bu de\u011ferli ekibi a\u011f\u0131rlamaktan b\u00fcy\u00fck onur duydum&#8221; ifadelerini kulland\u0131.<br \/>\n<br \/>Milletvekili Demir, toplum ad\u0131na ger\u00e7ekle\u015ftirdikleri k\u0131ymetli \u00e7al\u0131\u015fmalar i\u00e7in dernek y\u00f6neticilerine te\u015fekk\u00fcr etti.<br \/><\/p>\n","protected":false},"excerpt":{"rendered":"<p>AK Parti K\u00fctahya Milletvekili Mehmet Demir, Tav\u015fanl\u0131\u2019da 2007 y\u0131l\u0131ndan bu yana faaliyetlerini s\u00fcrd\u00fcren K\u00fctahya Koruyucu Aile Derne\u011fi Ba\u015fkan\u0131 Yasemin \u00c7avdar ve dernek y\u00f6netim kurulu \u00fcyelerini makam\u0131nda a\u011f\u0131rlad\u0131. Tav\u015fanl\u0131\u2019da ger\u00e7ekle\u015ftirilen ziyarette Dernek Ba\u015fkan\u0131 Yasemin \u00c7avdar\u2019\u0131n yan\u0131 s\u0131ra y\u00f6netim kurulu \u00fcyeleri Fatma Albayrak, \u015e\u00fckran Demiralp, Cemile Teke, Bedriye Derin ve \u015e\u00fckran G\u00fcnd\u00f6nd\u00fc de yer ald\u0131. Ziyaret sonras\u0131&#8230;<\/p>\n","protected":false},"author":1,"featured_media":71043,"comment_status":"open","ping_status":"open","sticky":false,"template":"","format":"standard","meta":{"_crdt_document":"","footnotes":""},"categories":[123],"tags":[],"class_list":["post-71042","post","type-post","status-publish","format-standard","has-post-thumbnail","hentry","category-gundem"],"_links":{"self":[{"href":"https:\/\/www.egemtv.com\/index.php?rest_route=\/wp\/v2\/posts\/71042","targetHints":{"allow":["GET"]}}],"collection":[{"href":"https:\/\/www.egemtv.com\/index.php?rest_route=\/wp\/v2\/posts"}],"about":[{"href":"https:\/\/www.egemtv.com\/index.php?rest_route=\/wp\/v2\/types\/post"}],"author":[{"embeddable":true,"href":"https:\/\/www.egemtv.com\/index.php?rest_route=\/wp\/v2\/users\/1"}],"replies":[{"embeddable":true,"href":"https:\/\/www.egemtv.com\/index.php?rest_route=%2Fwp%2Fv2%2Fcomments&post=71042"}],"version-history":[{"count":1,"href":"https:\/\/www.egemtv.com\/index.php?rest_route=\/wp\/v2\/posts\/71042\/revisions"}],"predecessor-version":[{"id":71044,"href":"https:\/\/www.egemtv.com\/index.php?rest_route=\/wp\/v2\/posts\/71042\/revisions\/71044"}],"wp:featuredmedia":[{"embeddable":true,"href":"https:\/\/www.egemtv.com\/index.php?rest_route=\/wp\/v2\/media\/71043"}],"wp:attachment":[{"href":"https:\/\/www.egemtv.com\/index.php?rest_route=%2Fwp%2Fv2%2Fmedia&parent=71042"}],"wp:term":[{"taxonomy":"category","embeddable":true,"href":"https:\/\/www.egemtv.com\/index.php?rest_route=%2Fwp%2Fv2%2Fcategories&post=71042"},{"taxonomy":"post_tag","embeddable":true,"href":"https:\/\/www.egemtv.com\/index.php?rest_route=%2Fwp%2Fv2%2Ftags&post=71042"}],"curies":[{"name":"wp","href":"https:\/\/api.w.org\/{rel}","templated":true}]}}