{"id":71039,"date":"2025-11-29T16:15:01","date_gmt":"2025-11-29T13:15:01","guid":{"rendered":"https:\/\/www.egemtv.com\/?p=71039"},"modified":"2025-11-29T16:15:03","modified_gmt":"2025-11-29T13:15:03","slug":"isparta-merkezli-dev-ari-kovani-operasyonu-850-milyonluk-kara-para-agi-cokertildi","status":"publish","type":"post","link":"https:\/\/www.egemtv.com\/?p=71039","title":{"rendered":"Isparta merkezli dev \u2019Ar\u0131 Kovan\u0131\u2019 operasyonu: 850 milyonluk kara para a\u011f\u0131 \u00e7\u00f6kertildi"},"content":{"rendered":"<p>Isparta \u0130l Emniyet M\u00fcd\u00fcrl\u00fc\u011f\u00fc Siber Su\u00e7larla M\u00fccadele ekiplerinin 6 ayl\u0131k \u00e7al\u0131\u015fmas\u0131yla ortaya \u00e7\u0131kar\u0131lan 850 milyon liral\u0131k yasa d\u0131\u015f\u0131 para trafi\u011fine y\u00f6nelik operasyonda g\u00f6zalt\u0131na al\u0131nan 40 \u015f\u00fcpheliden 13\u2019\u00fc tutukland\u0131.<br \/>\n<br \/>Isparta Cumhuriyet Ba\u015fsavc\u0131l\u0131\u011f\u0131 koordinesinde y\u00fcr\u00fct\u00fclen soru\u015fturma kapsam\u0131nda, \u0130l Emniyet M\u00fcd\u00fcrl\u00fc\u011f\u00fc Siber Su\u00e7larla M\u00fccadele \u015eube M\u00fcd\u00fcrl\u00fc\u011f\u00fc ekipleri taraf\u0131ndan yakla\u015f\u0131k 6 ay s\u00fcren teknik ve analiz \u00e7al\u0131\u015fmalar\u0131 neticesinde b\u00fcy\u00fck \u00e7apl\u0131 bir yasa d\u0131\u015f\u0131 i\u015flem a\u011f\u0131 de\u015fifre edildi. Yap\u0131lan \u00e7al\u0131\u015fmalarda 417 banka hesab\u0131 ile 23 kripto varl\u0131k hesab\u0131 incelendi. Hesaplarda toplam 850 milyon TL tutar\u0131nda yasa d\u0131\u015f\u0131 i\u015flem hacmi tespit edilirken, bu paran\u0131n 157 milyon TL\u2019lik k\u0131sm\u0131n\u0131n kripto para borsalar\u0131na aktar\u0131ld\u0131\u011f\u0131 belirlendi. Ekipler, 25 Kas\u0131m Sal\u0131 g\u00fcn\u00fc Isparta merkezli olarak Antalya, Amasya, Bursa, Elaz\u0131\u011f, \u0130stanbul, \u0130zmir, Malatya, Manisa ve \u015eanl\u0131urfa\u2019da e\u015f zamanl\u0131 &#8220;Ar\u0131 Kovan\u0131&#8221; operasyonu ger\u00e7ekle\u015ftirdi. Operasyonda 40 \u015f\u00fcpheli yakalanarak g\u00f6zalt\u0131na al\u0131nd\u0131. 25\u201328 Kas\u0131m tarihleri aras\u0131nda adli makamlara sevk edilen \u015f\u00fcphelilerden 27\u2019si adli kontrol \u015fart\u0131yla serbest b\u0131rak\u0131l\u0131rken, 13 ki\u015fi \u00e7\u0131kar\u0131ld\u0131klar\u0131 mahkemece tutuklanarak cezaevine g\u00f6nderildi.<br \/><\/p>\n","protected":false},"excerpt":{"rendered":"<p>Isparta \u0130l Emniyet M\u00fcd\u00fcrl\u00fc\u011f\u00fc Siber Su\u00e7larla M\u00fccadele ekiplerinin 6 ayl\u0131k \u00e7al\u0131\u015fmas\u0131yla ortaya \u00e7\u0131kar\u0131lan 850 milyon liral\u0131k yasa d\u0131\u015f\u0131 para trafi\u011fine y\u00f6nelik operasyonda g\u00f6zalt\u0131na al\u0131nan 40 \u015f\u00fcpheliden 13\u2019\u00fc tutukland\u0131. Isparta Cumhuriyet Ba\u015fsavc\u0131l\u0131\u011f\u0131 koordinesinde y\u00fcr\u00fct\u00fclen soru\u015fturma kapsam\u0131nda, \u0130l Emniyet M\u00fcd\u00fcrl\u00fc\u011f\u00fc Siber Su\u00e7larla M\u00fccadele \u015eube M\u00fcd\u00fcrl\u00fc\u011f\u00fc ekipleri taraf\u0131ndan yakla\u015f\u0131k 6 ay s\u00fcren teknik ve analiz \u00e7al\u0131\u015fmalar\u0131 neticesinde b\u00fcy\u00fck&#8230;<\/p>\n","protected":false},"author":1,"featured_media":71040,"comment_status":"open","ping_status":"open","sticky":false,"template":"","format":"standard","meta":{"_crdt_document":"","footnotes":""},"categories":[5],"tags":[],"class_list":["post-71039","post","type-post","status-publish","format-standard","has-post-thumbnail","hentry","category-asayis"],"_links":{"self":[{"href":"https:\/\/www.egemtv.com\/index.php?rest_route=\/wp\/v2\/posts\/71039","targetHints":{"allow":["GET"]}}],"collection":[{"href":"https:\/\/www.egemtv.com\/index.php?rest_route=\/wp\/v2\/posts"}],"about":[{"href":"https:\/\/www.egemtv.com\/index.php?rest_route=\/wp\/v2\/types\/post"}],"author":[{"embeddable":true,"href":"https:\/\/www.egemtv.com\/index.php?rest_route=\/wp\/v2\/users\/1"}],"replies":[{"embeddable":true,"href":"https:\/\/www.egemtv.com\/index.php?rest_route=%2Fwp%2Fv2%2Fcomments&post=71039"}],"version-history":[{"count":1,"href":"https:\/\/www.egemtv.com\/index.php?rest_route=\/wp\/v2\/posts\/71039\/revisions"}],"predecessor-version":[{"id":71041,"href":"https:\/\/www.egemtv.com\/index.php?rest_route=\/wp\/v2\/posts\/71039\/revisions\/71041"}],"wp:featuredmedia":[{"embeddable":true,"href":"https:\/\/www.egemtv.com\/index.php?rest_route=\/wp\/v2\/media\/71040"}],"wp:attachment":[{"href":"https:\/\/www.egemtv.com\/index.php?rest_route=%2Fwp%2Fv2%2Fmedia&parent=71039"}],"wp:term":[{"taxonomy":"category","embeddable":true,"href":"https:\/\/www.egemtv.com\/index.php?rest_route=%2Fwp%2Fv2%2Fcategories&post=71039"},{"taxonomy":"post_tag","embeddable":true,"href":"https:\/\/www.egemtv.com\/index.php?rest_route=%2Fwp%2Fv2%2Ftags&post=71039"}],"curies":[{"name":"wp","href":"https:\/\/api.w.org\/{rel}","templated":true}]}}