{"id":71033,"date":"2025-11-29T15:55:45","date_gmt":"2025-11-29T12:55:45","guid":{"rendered":"https:\/\/www.egemtv.com\/?p=71033"},"modified":"2025-11-29T15:55:46","modified_gmt":"2025-11-29T12:55:46","slug":"usak-il-ozel-idaresi-calismalari-hiz-kesmeden-devam-ediyor","status":"publish","type":"post","link":"https:\/\/www.egemtv.com\/?p=71033","title":{"rendered":"U\u015fak \u0130l \u00d6zel \u0130daresi \u00e7al\u0131\u015fmalar\u0131 h\u0131z kesmeden devam ediyor"},"content":{"rendered":"<p>U\u015fak \u0130l \u00d6zel \u0130daresi, k\u00f6ylerde ya\u015fam kalitesini art\u0131rmak i\u00e7in altyap\u0131 ve sosyal alan \u00e7al\u0131\u015fmalar\u0131n\u0131 s\u00fcrd\u00fcr\u00fcyor.<br \/>\n<br \/>U\u015fak \u0130l \u00d6zel \u0130daresi, k\u0131rsal b\u00f6lgelerde ya\u015fam \u015fartlar\u0131n\u0131 iyile\u015ftirmek i\u00e7in ba\u015flatt\u0131\u011f\u0131 yat\u0131r\u0131mlara h\u0131z kesmeden devam ederken, \u0130l \u00d6zel \u0130daresi taraf\u0131ndan yap\u0131lan payla\u015f\u0131mda, k\u00f6ylerde ihtiya\u00e7 duyulan bir\u00e7ok alanda \u00e7al\u0131\u015fma y\u00fcr\u00fct\u00fcld\u00fc\u011f\u00fc bildirildi. K\u00f6y yard\u0131m\u0131 kapsam\u0131nda yeni su depolar\u0131n\u0131n yap\u0131ld\u0131\u011f\u0131 ve mevcut depolar\u0131n yenilendi\u011fi, cazibeli i\u00e7me suyu borusu temininin sa\u011fland\u0131\u011f\u0131 ifade edildi.<br \/>\n<br \/>\u0130\u00e7me suyu hatlar\u0131n\u0131n enerji maliyetlerinin d\u00fc\u015f\u00fcr\u00fclmesi amac\u0131yla G\u00fcne\u015f Enerjisi Sistemi (GES) kurulumlar\u0131n\u0131n s\u00fcrd\u00fc\u011f\u00fc belirtilirken, k\u00f6ylerde sosyal ya\u015fam\u0131 canland\u0131rmak i\u00e7in \u00e7ocuk oyun alanlar\u0131n\u0131n olu\u015fturuldu\u011fu aktar\u0131ld\u0131.<br \/>\n<br \/>Ayr\u0131ca parke ta\u015f\u0131 d\u00f6\u015feme malzemesi temini, sundurma \u00e7at\u0131 yap\u0131m\u0131 ve k\u00f6ylerde kullan\u0131lmak \u00fczere piknik masas\u0131 al\u0131mlar\u0131n\u0131n da ger\u00e7ekle\u015ftirildi\u011fi kaydedildi.<br \/>\n<br \/>\u0130l \u00d6zel \u0130daresi, \u00e7al\u0131\u015fmalar\u0131n planl\u0131 \u015fekilde t\u00fcm k\u00f6ylere ula\u015faca\u011f\u0131n\u0131 belirterek vatanda\u015flar\u0131n daha g\u00fcvenli, sa\u011fl\u0131kl\u0131 ve sosyal ya\u015fam alanlar\u0131na kavu\u015fmas\u0131 i\u00e7in yat\u0131r\u0131mlar\u0131n devam edece\u011fini duyurdu.<br \/><\/p>\n","protected":false},"excerpt":{"rendered":"<p>U\u015fak \u0130l \u00d6zel \u0130daresi, k\u00f6ylerde ya\u015fam kalitesini art\u0131rmak i\u00e7in altyap\u0131 ve sosyal alan \u00e7al\u0131\u015fmalar\u0131n\u0131 s\u00fcrd\u00fcr\u00fcyor. U\u015fak \u0130l \u00d6zel \u0130daresi, k\u0131rsal b\u00f6lgelerde ya\u015fam \u015fartlar\u0131n\u0131 iyile\u015ftirmek i\u00e7in ba\u015flatt\u0131\u011f\u0131 yat\u0131r\u0131mlara h\u0131z kesmeden devam ederken, \u0130l \u00d6zel \u0130daresi taraf\u0131ndan yap\u0131lan payla\u015f\u0131mda, k\u00f6ylerde ihtiya\u00e7 duyulan bir\u00e7ok alanda \u00e7al\u0131\u015fma y\u00fcr\u00fct\u00fcld\u00fc\u011f\u00fc bildirildi. K\u00f6y yard\u0131m\u0131 kapsam\u0131nda yeni su depolar\u0131n\u0131n yap\u0131ld\u0131\u011f\u0131 ve mevcut depolar\u0131n&#8230;<\/p>\n","protected":false},"author":1,"featured_media":71034,"comment_status":"open","ping_status":"open","sticky":false,"template":"","format":"standard","meta":{"_crdt_document":"","footnotes":""},"categories":[1],"tags":[],"class_list":["post-71033","post","type-post","status-publish","format-standard","has-post-thumbnail","hentry","category-guncel"],"_links":{"self":[{"href":"https:\/\/www.egemtv.com\/index.php?rest_route=\/wp\/v2\/posts\/71033","targetHints":{"allow":["GET"]}}],"collection":[{"href":"https:\/\/www.egemtv.com\/index.php?rest_route=\/wp\/v2\/posts"}],"about":[{"href":"https:\/\/www.egemtv.com\/index.php?rest_route=\/wp\/v2\/types\/post"}],"author":[{"embeddable":true,"href":"https:\/\/www.egemtv.com\/index.php?rest_route=\/wp\/v2\/users\/1"}],"replies":[{"embeddable":true,"href":"https:\/\/www.egemtv.com\/index.php?rest_route=%2Fwp%2Fv2%2Fcomments&post=71033"}],"version-history":[{"count":1,"href":"https:\/\/www.egemtv.com\/index.php?rest_route=\/wp\/v2\/posts\/71033\/revisions"}],"predecessor-version":[{"id":71035,"href":"https:\/\/www.egemtv.com\/index.php?rest_route=\/wp\/v2\/posts\/71033\/revisions\/71035"}],"wp:featuredmedia":[{"embeddable":true,"href":"https:\/\/www.egemtv.com\/index.php?rest_route=\/wp\/v2\/media\/71034"}],"wp:attachment":[{"href":"https:\/\/www.egemtv.com\/index.php?rest_route=%2Fwp%2Fv2%2Fmedia&parent=71033"}],"wp:term":[{"taxonomy":"category","embeddable":true,"href":"https:\/\/www.egemtv.com\/index.php?rest_route=%2Fwp%2Fv2%2Fcategories&post=71033"},{"taxonomy":"post_tag","embeddable":true,"href":"https:\/\/www.egemtv.com\/index.php?rest_route=%2Fwp%2Fv2%2Ftags&post=71033"}],"curies":[{"name":"wp","href":"https:\/\/api.w.org\/{rel}","templated":true}]}}