{"id":71030,"date":"2025-11-29T15:55:44","date_gmt":"2025-11-29T12:55:44","guid":{"rendered":"https:\/\/www.egemtv.com\/?p=71030"},"modified":"2025-11-29T15:55:45","modified_gmt":"2025-11-29T12:55:45","slug":"usak-il-tarim-mudurlugu-ureticilerle-sahada-bulustu","status":"publish","type":"post","link":"https:\/\/www.egemtv.com\/?p=71030","title":{"rendered":"U\u015fak \u0130l Tar\u0131m M\u00fcd\u00fcrl\u00fc\u011f\u00fc \u00fcreticilerle sahada bulu\u015ftu"},"content":{"rendered":"<p>U\u015fak \u0130l Tar\u0131m ve Orman M\u00fcd\u00fcrl\u00fc\u011f\u00fc ekipleri, bu hafta d\u00fczenlenen tarla bulu\u015fmalar\u0131yla \u00fcreticilerle sahada bir araya gelerek g\u00fcncel sorunlar\u0131 yerinde de\u011ferlendirdi.<br \/>\n<br \/>U\u015fak \u0130l Tar\u0131m ve Orman M\u00fcd\u00fcrl\u00fc\u011f\u00fc taraf\u0131ndan yap\u0131lan payla\u015f\u0131mda, \u00fcreticilerle sahada ger\u00e7ekle\u015ftirilen tarla bulu\u015fmalar\u0131nda tar\u0131msal \u00e7al\u0131\u015fmalar\u0131n yerinde incelendi\u011fi kaydedildi. U\u015fak \u0130l Tar\u0131m ve Orman M\u00fcd\u00fcrl\u00fc\u011f\u00fc ekipleri, bu hafta d\u00fczenlenen tarla bulu\u015fmalar\u0131yla \u00fcreticilerle sahada bir araya gelerek g\u00fcncel sorunlar\u0131 yerinde de\u011ferlendirdi. \u00dcreticilerin kar\u015f\u0131la\u015ft\u0131\u011f\u0131 sorunlar dinlenirken \u00e7\u00f6z\u00fcm \u00f6nerilerinin payla\u015f\u0131ld\u0131\u011f\u0131 belirtildi.<br \/>\n<br \/>Hayvan sa\u011fl\u0131\u011f\u0131 ve a\u015f\u0131lama konular\u0131nda \u00fcreticilere bilgilendirme yap\u0131ld\u0131\u011f\u0131, hastal\u0131k risklerine kar\u015f\u0131 koruyucu \u00f6nlemler ile a\u015f\u0131lama s\u00fcre\u00e7lerinin anlat\u0131ld\u0131\u011f\u0131 ifade edildi. Ayr\u0131ca k\u00f6y baz\u0131nda \u00fcretim incelemeleri yap\u0131larak verimlilik durumu ve sahadaki sorunlar\u0131n yerinde g\u00f6zlemlendi\u011fi aktar\u0131ld\u0131.<br \/>\n<br \/>Ari i\u015fletme uygulamalar\u0131n\u0131n \u00f6nemine dikkat \u00e7ekilen bulu\u015fmalarda, hayvanc\u0131l\u0131kta kaliteyi art\u0131rmaya y\u00f6nelik desteklemeler konusunda \u00fcreticilere bilgi verildi. Tar\u0131m say\u0131m\u0131n\u0131n do\u011fru planlama a\u00e7\u0131s\u0131ndan \u00f6nem ta\u015f\u0131d\u0131\u011f\u0131 vurgulan\u0131rken, yeni destekleme modelinin \u00fcreticilere sa\u011flayaca\u011f\u0131 avantajlar\u0131n anlat\u0131ld\u0131\u011f\u0131 bildirildi.<br \/>\n<br \/>\u00d6te yandan, \u0130l Tar\u0131m ve Orman M\u00fcd\u00fcrl\u00fc\u011f\u00fc\u2019nce yap\u0131lan payla\u015f\u0131mda hedeflerinin \u00fcreticilerin yan\u0131nda olmak ve s\u00fcrd\u00fcr\u00fclebilir \u00fcretimi g\u00fc\u00e7lendirmek oldu\u011funu belirterek sahadaki \u00e7al\u0131\u015fmalar\u0131n devam edece\u011fini ifade edildi.<br \/><\/p>\n","protected":false},"excerpt":{"rendered":"<p>U\u015fak \u0130l Tar\u0131m ve Orman M\u00fcd\u00fcrl\u00fc\u011f\u00fc ekipleri, bu hafta d\u00fczenlenen tarla bulu\u015fmalar\u0131yla \u00fcreticilerle sahada bir araya gelerek g\u00fcncel sorunlar\u0131 yerinde de\u011ferlendirdi. U\u015fak \u0130l Tar\u0131m ve Orman M\u00fcd\u00fcrl\u00fc\u011f\u00fc taraf\u0131ndan yap\u0131lan payla\u015f\u0131mda, \u00fcreticilerle sahada ger\u00e7ekle\u015ftirilen tarla bulu\u015fmalar\u0131nda tar\u0131msal \u00e7al\u0131\u015fmalar\u0131n yerinde incelendi\u011fi kaydedildi. U\u015fak \u0130l Tar\u0131m ve Orman M\u00fcd\u00fcrl\u00fc\u011f\u00fc ekipleri, bu hafta d\u00fczenlenen tarla bulu\u015fmalar\u0131yla \u00fcreticilerle sahada bir&#8230;<\/p>\n","protected":false},"author":1,"featured_media":71031,"comment_status":"open","ping_status":"open","sticky":false,"template":"","format":"standard","meta":{"_crdt_document":"","footnotes":""},"categories":[1],"tags":[],"class_list":["post-71030","post","type-post","status-publish","format-standard","has-post-thumbnail","hentry","category-guncel"],"_links":{"self":[{"href":"https:\/\/www.egemtv.com\/index.php?rest_route=\/wp\/v2\/posts\/71030","targetHints":{"allow":["GET"]}}],"collection":[{"href":"https:\/\/www.egemtv.com\/index.php?rest_route=\/wp\/v2\/posts"}],"about":[{"href":"https:\/\/www.egemtv.com\/index.php?rest_route=\/wp\/v2\/types\/post"}],"author":[{"embeddable":true,"href":"https:\/\/www.egemtv.com\/index.php?rest_route=\/wp\/v2\/users\/1"}],"replies":[{"embeddable":true,"href":"https:\/\/www.egemtv.com\/index.php?rest_route=%2Fwp%2Fv2%2Fcomments&post=71030"}],"version-history":[{"count":1,"href":"https:\/\/www.egemtv.com\/index.php?rest_route=\/wp\/v2\/posts\/71030\/revisions"}],"predecessor-version":[{"id":71032,"href":"https:\/\/www.egemtv.com\/index.php?rest_route=\/wp\/v2\/posts\/71030\/revisions\/71032"}],"wp:featuredmedia":[{"embeddable":true,"href":"https:\/\/www.egemtv.com\/index.php?rest_route=\/wp\/v2\/media\/71031"}],"wp:attachment":[{"href":"https:\/\/www.egemtv.com\/index.php?rest_route=%2Fwp%2Fv2%2Fmedia&parent=71030"}],"wp:term":[{"taxonomy":"category","embeddable":true,"href":"https:\/\/www.egemtv.com\/index.php?rest_route=%2Fwp%2Fv2%2Fcategories&post=71030"},{"taxonomy":"post_tag","embeddable":true,"href":"https:\/\/www.egemtv.com\/index.php?rest_route=%2Fwp%2Fv2%2Ftags&post=71030"}],"curies":[{"name":"wp","href":"https:\/\/api.w.org\/{rel}","templated":true}]}}