{"id":71027,"date":"2025-11-29T15:55:44","date_gmt":"2025-11-29T12:55:44","guid":{"rendered":"https:\/\/www.egemtv.com\/?p=71027"},"modified":"2025-11-29T15:55:44","modified_gmt":"2025-11-29T12:55:44","slug":"usakta-kantin-calisanlarina-hijyen-egitimi-verildi","status":"publish","type":"post","link":"https:\/\/www.egemtv.com\/?p=71027","title":{"rendered":"U\u015fak\u2019ta kantin \u00e7al\u0131\u015fanlar\u0131na hijyen e\u011fitimi verildi"},"content":{"rendered":"<p>U\u015fak\u2019ta okul kantinlerinde g\u00f6rev yapan i\u015fletmeci ve \u00e7al\u0131\u015fanlara y\u00f6nelik hijyen e\u011fitimi d\u00fczenlendi.<br \/>\n<br \/>U\u015fak\u2019ta okul kantinlerinde g\u00f6rev yapan i\u015fletmecilere ve kantin \u00e7al\u0131\u015fanlar\u0131na y\u00f6nelik hijyen e\u011fitimleri d\u00fczenlendi. U\u015fak\u2019ta okul kantinlerinde g\u00f6rev yapan i\u015fletmeci ve \u00e7al\u0131\u015fanlara y\u00f6nelik hijyen e\u011fitimi d\u00fczenlendi. Program, Tar\u0131m ve Orman \u0130l M\u00fcd\u00fcrl\u00fc\u011f\u00fc, Sa\u011fl\u0131k \u0130l M\u00fcd\u00fcrl\u00fc\u011f\u00fc ve Milli E\u011fitim M\u00fcd\u00fcrl\u00fc\u011f\u00fc\u2019n\u00fcn ortak koordinasyonuyla ger\u00e7ekle\u015ftirildi.<br \/>\n<br \/>U\u015fak Gen\u00e7lik Merkezi\u2019nde geni\u015f kat\u0131l\u0131mla yap\u0131lan e\u011fitimde, kantin \u00e7al\u0131\u015fanlar\u0131n\u0131n yo\u011fun ilgi g\u00f6sterdi\u011fi belirtildi. Kurum ad\u0131na G\u0131da ve Yem \u015eube M\u00fcd\u00fcr\u00fc Sancar T\u00fcrkmen programda yer al\u0131rken, hijyen e\u011fitimini Ziraat M\u00fchendisi H\u00fclya Y\u00fcksek Kele\u015f verdi.<br \/>\n<br \/>E\u011fitim kapsam\u0131nda kat\u0131l\u0131mc\u0131lara okul kantinlerinde uygulanmas\u0131 gereken hijyen kurallar\u0131, g\u0131da g\u00fcvenli\u011fi ilkeleri ve risklerin nas\u0131l \u00f6nlenebilece\u011fine y\u00f6nelik ayr\u0131nt\u0131l\u0131 bilgiler aktar\u0131ld\u0131. Ayr\u0131ca t\u00fcketicilerin g\u0131dayla ilgili her t\u00fcrl\u00fc \u015fik\u00e2yet ve ihbarlar\u0131n\u0131 Alo 174 G\u0131da Hatt\u0131 \u00fczerinden iletebilecekleri hat\u0131rlat\u0131ld\u0131.<br \/><\/p>\n","protected":false},"excerpt":{"rendered":"<p>U\u015fak\u2019ta okul kantinlerinde g\u00f6rev yapan i\u015fletmeci ve \u00e7al\u0131\u015fanlara y\u00f6nelik hijyen e\u011fitimi d\u00fczenlendi. U\u015fak\u2019ta okul kantinlerinde g\u00f6rev yapan i\u015fletmecilere ve kantin \u00e7al\u0131\u015fanlar\u0131na y\u00f6nelik hijyen e\u011fitimleri d\u00fczenlendi. U\u015fak\u2019ta okul kantinlerinde g\u00f6rev yapan i\u015fletmeci ve \u00e7al\u0131\u015fanlara y\u00f6nelik hijyen e\u011fitimi d\u00fczenlendi. Program, Tar\u0131m ve Orman \u0130l M\u00fcd\u00fcrl\u00fc\u011f\u00fc, Sa\u011fl\u0131k \u0130l M\u00fcd\u00fcrl\u00fc\u011f\u00fc ve Milli E\u011fitim M\u00fcd\u00fcrl\u00fc\u011f\u00fc\u2019n\u00fcn ortak koordinasyonuyla ger\u00e7ekle\u015ftirildi. U\u015fak Gen\u00e7lik&#8230;<\/p>\n","protected":false},"author":1,"featured_media":71028,"comment_status":"open","ping_status":"open","sticky":false,"template":"","format":"standard","meta":{"_crdt_document":"","footnotes":""},"categories":[1],"tags":[],"class_list":["post-71027","post","type-post","status-publish","format-standard","has-post-thumbnail","hentry","category-guncel"],"_links":{"self":[{"href":"https:\/\/www.egemtv.com\/index.php?rest_route=\/wp\/v2\/posts\/71027","targetHints":{"allow":["GET"]}}],"collection":[{"href":"https:\/\/www.egemtv.com\/index.php?rest_route=\/wp\/v2\/posts"}],"about":[{"href":"https:\/\/www.egemtv.com\/index.php?rest_route=\/wp\/v2\/types\/post"}],"author":[{"embeddable":true,"href":"https:\/\/www.egemtv.com\/index.php?rest_route=\/wp\/v2\/users\/1"}],"replies":[{"embeddable":true,"href":"https:\/\/www.egemtv.com\/index.php?rest_route=%2Fwp%2Fv2%2Fcomments&post=71027"}],"version-history":[{"count":1,"href":"https:\/\/www.egemtv.com\/index.php?rest_route=\/wp\/v2\/posts\/71027\/revisions"}],"predecessor-version":[{"id":71029,"href":"https:\/\/www.egemtv.com\/index.php?rest_route=\/wp\/v2\/posts\/71027\/revisions\/71029"}],"wp:featuredmedia":[{"embeddable":true,"href":"https:\/\/www.egemtv.com\/index.php?rest_route=\/wp\/v2\/media\/71028"}],"wp:attachment":[{"href":"https:\/\/www.egemtv.com\/index.php?rest_route=%2Fwp%2Fv2%2Fmedia&parent=71027"}],"wp:term":[{"taxonomy":"category","embeddable":true,"href":"https:\/\/www.egemtv.com\/index.php?rest_route=%2Fwp%2Fv2%2Fcategories&post=71027"},{"taxonomy":"post_tag","embeddable":true,"href":"https:\/\/www.egemtv.com\/index.php?rest_route=%2Fwp%2Fv2%2Ftags&post=71027"}],"curies":[{"name":"wp","href":"https:\/\/api.w.org\/{rel}","templated":true}]}}