{"id":71024,"date":"2025-11-29T15:55:43","date_gmt":"2025-11-29T12:55:43","guid":{"rendered":"https:\/\/www.egemtv.com\/?p=71024"},"modified":"2025-11-29T15:55:43","modified_gmt":"2025-11-29T12:55:43","slug":"afad-koordinasyon-toplantisi-vali-akbiyik-baskanliginda-yapildi","status":"publish","type":"post","link":"https:\/\/www.egemtv.com\/?p=71024","title":{"rendered":"AFAD Koordinasyon toplant\u0131s\u0131 Vali Akb\u0131y\u0131k ba\u015fkanl\u0131\u011f\u0131nda yap\u0131ld\u0131"},"content":{"rendered":"<p>Mu\u011fla Valisi Dr. \u0130dris Akb\u0131y\u0131k, AFAD Afetlere M\u00fcdahale Genel M\u00fcd\u00fcr\u00fc Dr. Sadi Ergin ve Arama Kurtarma Daire Ba\u015fkan\u0131 Kartal Muhc\u0131\u2019n\u0131n kat\u0131l\u0131m\u0131yla ger\u00e7ekle\u015ftirilen AFAD Koordinasyon Toplant\u0131s\u0131\u2019na ba\u015fkanl\u0131k etti.<br \/>\n<br \/>Mu\u011fla genelinde devam eden yo\u011fun ya\u011f\u0131\u015flara kar\u015f\u0131 al\u0131nan \u00f6nlemler AFAD \u0130l Merkezi\u2019nde d\u00fczenlenen koordinasyon toplant\u0131s\u0131nda masaya yat\u0131r\u0131ld\u0131. Vali Dr. \u0130dris Akb\u0131y\u0131k, sahada g\u00f6rev yapan ekiplere \u00f6zverili \u00e7al\u0131\u015fmalar\u0131ndan dolay\u0131 te\u015fekk\u00fcr etti.<br \/>\n<br \/>Mu\u011fla \u0130l AFAD Merkezinde d\u00fczenlenen toplant\u0131da, il genelinde etkisini s\u00fcrd\u00fcren \u015fiddetli ya\u011f\u0131\u015flara kar\u015f\u0131 al\u0131nan tedbirler ve sahada y\u00fcr\u00fct\u00fclen \u00e7al\u0131\u015fmalar de\u011ferlendirildi. Toplant\u0131da meteorolojik verilerin yak\u0131ndan takip edildi\u011fini kaydeden Vali Akb\u0131y\u0131k, ya\u011f\u0131\u015flar\u0131n etkilerini en aza indirmek i\u00e7in kurumlar aras\u0131 koordinasyonun \u00f6nemine vurgu yapt\u0131.<br \/><\/p>\n","protected":false},"excerpt":{"rendered":"<p>Mu\u011fla Valisi Dr. \u0130dris Akb\u0131y\u0131k, AFAD Afetlere M\u00fcdahale Genel M\u00fcd\u00fcr\u00fc Dr. Sadi Ergin ve Arama Kurtarma Daire Ba\u015fkan\u0131 Kartal Muhc\u0131\u2019n\u0131n kat\u0131l\u0131m\u0131yla ger\u00e7ekle\u015ftirilen AFAD Koordinasyon Toplant\u0131s\u0131\u2019na ba\u015fkanl\u0131k etti. Mu\u011fla genelinde devam eden yo\u011fun ya\u011f\u0131\u015flara kar\u015f\u0131 al\u0131nan \u00f6nlemler AFAD \u0130l Merkezi\u2019nde d\u00fczenlenen koordinasyon toplant\u0131s\u0131nda masaya yat\u0131r\u0131ld\u0131. Vali Dr. \u0130dris Akb\u0131y\u0131k, sahada g\u00f6rev yapan ekiplere \u00f6zverili \u00e7al\u0131\u015fmalar\u0131ndan dolay\u0131&#8230;<\/p>\n","protected":false},"author":1,"featured_media":71025,"comment_status":"open","ping_status":"open","sticky":false,"template":"","format":"standard","meta":{"_crdt_document":"","footnotes":""},"categories":[1],"tags":[],"class_list":["post-71024","post","type-post","status-publish","format-standard","has-post-thumbnail","hentry","category-guncel"],"_links":{"self":[{"href":"https:\/\/www.egemtv.com\/index.php?rest_route=\/wp\/v2\/posts\/71024","targetHints":{"allow":["GET"]}}],"collection":[{"href":"https:\/\/www.egemtv.com\/index.php?rest_route=\/wp\/v2\/posts"}],"about":[{"href":"https:\/\/www.egemtv.com\/index.php?rest_route=\/wp\/v2\/types\/post"}],"author":[{"embeddable":true,"href":"https:\/\/www.egemtv.com\/index.php?rest_route=\/wp\/v2\/users\/1"}],"replies":[{"embeddable":true,"href":"https:\/\/www.egemtv.com\/index.php?rest_route=%2Fwp%2Fv2%2Fcomments&post=71024"}],"version-history":[{"count":1,"href":"https:\/\/www.egemtv.com\/index.php?rest_route=\/wp\/v2\/posts\/71024\/revisions"}],"predecessor-version":[{"id":71026,"href":"https:\/\/www.egemtv.com\/index.php?rest_route=\/wp\/v2\/posts\/71024\/revisions\/71026"}],"wp:featuredmedia":[{"embeddable":true,"href":"https:\/\/www.egemtv.com\/index.php?rest_route=\/wp\/v2\/media\/71025"}],"wp:attachment":[{"href":"https:\/\/www.egemtv.com\/index.php?rest_route=%2Fwp%2Fv2%2Fmedia&parent=71024"}],"wp:term":[{"taxonomy":"category","embeddable":true,"href":"https:\/\/www.egemtv.com\/index.php?rest_route=%2Fwp%2Fv2%2Fcategories&post=71024"},{"taxonomy":"post_tag","embeddable":true,"href":"https:\/\/www.egemtv.com\/index.php?rest_route=%2Fwp%2Fv2%2Ftags&post=71024"}],"curies":[{"name":"wp","href":"https:\/\/api.w.org\/{rel}","templated":true}]}}