{"id":71018,"date":"2025-11-29T15:14:54","date_gmt":"2025-11-29T12:14:54","guid":{"rendered":"https:\/\/www.egemtv.com\/?p=71018"},"modified":"2025-11-29T15:14:55","modified_gmt":"2025-11-29T12:14:55","slug":"selden-etkilenen-dikili-ve-focada-su-tahliye-calismalari-suruyor","status":"publish","type":"post","link":"https:\/\/www.egemtv.com\/?p=71018","title":{"rendered":"Selden etkilenen Dikili ve Fo\u00e7a\u2019da su tahliye \u00e7al\u0131\u015fmalar\u0131 s\u00fcr\u00fcyor"},"content":{"rendered":"<p>\u0130zmir\u2019in Dikili ve Fo\u00e7a il\u00e7elerinde sa\u011fanak ya\u011f\u0131\u015f\u0131n sele d\u00f6n\u00fc\u015fmesi sonucu meydana gelen su bask\u0131nlar\u0131 sonras\u0131 b\u00f6lgede su tahliye \u00e7al\u0131\u015fmalar\u0131 devam ediyor.<br \/>\n<br \/>\u0130zmir\u2019de d\u00fcn ak\u015fam saatlerinde bat\u0131 il\u00e7elerde ba\u015flay\u0131p sabah saatlerinde de il genelinde etkili olan sa\u011fanak ya\u011f\u0131\u015f hayat\u0131 olumsuz etkiledi. En y\u00fcksek ya\u011f\u0131\u015f 154,5 kg\/m ile Karaburun\u2019da kaydedildi. Dikili ve Fo\u00e7a il\u00e7elerinde sa\u011fanak ya\u011f\u0131\u015f\u0131n sele d\u00f6n\u00fc\u015fmesi sonucu cadde ve sokakalar g\u00f6le d\u00f6nd\u00fc. Bir \u00e7ok ev ve i\u015f yerini su basarken, vatanda\u015flar kendi imkanlar\u0131 ile selden korunmaya \u00e7al\u0131\u015ft\u0131. Selin etkili oldu\u011fu baz\u0131 b\u00f6lgelerde park halindeki baz\u0131 ara\u00e7lar tamamen suya g\u00f6m\u00fcld\u00fc.<br \/>\n<br \/>Fo\u00e7a \u00e7ar\u015f\u0131 merkezi ve pazar yerinde de sel sular\u0131 esnafa zor anlar ya\u015fatt\u0131. Su seviyesinin diz boyunu ge\u00e7ti\u011fi pazar yerinde esnaf maddi zarara u\u011frad\u0131.<br \/>\n<br \/>\u0130ZSU ve il\u00e7e belediyeleri, su bask\u0131n\u0131 ile ilgili gelen ihbarlara yeti\u015fmekte zorland\u0131. Ekiplerin su tahliye \u00e7al\u0131\u015fmalar\u0131 devam ediyor.<br \/><\/p>\n","protected":false},"excerpt":{"rendered":"<p>\u0130zmir\u2019in Dikili ve Fo\u00e7a il\u00e7elerinde sa\u011fanak ya\u011f\u0131\u015f\u0131n sele d\u00f6n\u00fc\u015fmesi sonucu meydana gelen su bask\u0131nlar\u0131 sonras\u0131 b\u00f6lgede su tahliye \u00e7al\u0131\u015fmalar\u0131 devam ediyor. \u0130zmir\u2019de d\u00fcn ak\u015fam saatlerinde bat\u0131 il\u00e7elerde ba\u015flay\u0131p sabah saatlerinde de il genelinde etkili olan sa\u011fanak ya\u011f\u0131\u015f hayat\u0131 olumsuz etkiledi. En y\u00fcksek ya\u011f\u0131\u015f 154,5 kg\/m ile Karaburun\u2019da kaydedildi. Dikili ve Fo\u00e7a il\u00e7elerinde sa\u011fanak ya\u011f\u0131\u015f\u0131n sele&#8230;<\/p>\n","protected":false},"author":1,"featured_media":71019,"comment_status":"open","ping_status":"open","sticky":false,"template":"","format":"standard","meta":{"_crdt_document":"","footnotes":""},"categories":[5],"tags":[],"class_list":["post-71018","post","type-post","status-publish","format-standard","has-post-thumbnail","hentry","category-asayis"],"_links":{"self":[{"href":"https:\/\/www.egemtv.com\/index.php?rest_route=\/wp\/v2\/posts\/71018","targetHints":{"allow":["GET"]}}],"collection":[{"href":"https:\/\/www.egemtv.com\/index.php?rest_route=\/wp\/v2\/posts"}],"about":[{"href":"https:\/\/www.egemtv.com\/index.php?rest_route=\/wp\/v2\/types\/post"}],"author":[{"embeddable":true,"href":"https:\/\/www.egemtv.com\/index.php?rest_route=\/wp\/v2\/users\/1"}],"replies":[{"embeddable":true,"href":"https:\/\/www.egemtv.com\/index.php?rest_route=%2Fwp%2Fv2%2Fcomments&post=71018"}],"version-history":[{"count":1,"href":"https:\/\/www.egemtv.com\/index.php?rest_route=\/wp\/v2\/posts\/71018\/revisions"}],"predecessor-version":[{"id":71020,"href":"https:\/\/www.egemtv.com\/index.php?rest_route=\/wp\/v2\/posts\/71018\/revisions\/71020"}],"wp:featuredmedia":[{"embeddable":true,"href":"https:\/\/www.egemtv.com\/index.php?rest_route=\/wp\/v2\/media\/71019"}],"wp:attachment":[{"href":"https:\/\/www.egemtv.com\/index.php?rest_route=%2Fwp%2Fv2%2Fmedia&parent=71018"}],"wp:term":[{"taxonomy":"category","embeddable":true,"href":"https:\/\/www.egemtv.com\/index.php?rest_route=%2Fwp%2Fv2%2Fcategories&post=71018"},{"taxonomy":"post_tag","embeddable":true,"href":"https:\/\/www.egemtv.com\/index.php?rest_route=%2Fwp%2Fv2%2Ftags&post=71018"}],"curies":[{"name":"wp","href":"https:\/\/api.w.org\/{rel}","templated":true}]}}