{"id":71015,"date":"2025-11-29T15:14:53","date_gmt":"2025-11-29T12:14:53","guid":{"rendered":"https:\/\/www.egemtv.com\/?p=71015"},"modified":"2025-11-29T15:14:54","modified_gmt":"2025-11-29T12:14:54","slug":"saganak-yagis-cesmede-sele-neden-oldu","status":"publish","type":"post","link":"https:\/\/www.egemtv.com\/?p=71015","title":{"rendered":"Sa\u011fanak ya\u011f\u0131\u015f \u00c7e\u015fme\u2019de sele neden oldu"},"content":{"rendered":"<p>\u015eiddetli ya\u011f\u0131\u015f\u0131n etkili oldu\u011fu \u00c7e\u015fme\u2019de deniz seviyesinin y\u00fckselmesi ve tahliye hatlar\u0131n\u0131n t\u0131kanmas\u0131 nedeniyle il\u00e7e merkezinde su bask\u0131nlar\u0131 ya\u015fand\u0131. \u0130l\u00e7ede hayat olumsuz etkilendi.<br \/>\n<br \/>\u0130zmir\u2019in \u00c7e\u015fme il\u00e7esinde gece boyunca etkili olan sa\u011fanak ya\u011f\u0131\u015f, sabah saatlerinde \u015fiddetini art\u0131rarak il\u00e7e merkezinde su bask\u0131nlar\u0131na yol a\u00e7t\u0131. \u0130ZSU Genel M\u00fcd\u00fcrl\u00fc\u011f\u00fc taraf\u0131ndan 09.30 itibar\u0131yla payla\u015f\u0131lan bilgilere g\u00f6re, lodosun da etkisiyle deniz seviyesinin anl\u0131k y\u00fckselmesi sonucu k\u0131y\u0131 band\u0131nda ve ya\u011fmur suyu tahliye sistemlerinde t\u0131kanmalar ile geri basmalar meydana geldi. Sa\u011fanak ya\u011f\u0131\u015f nedeniyle Musalla Deresi ile marinaya a\u00e7\u0131lan dere kesiminde su seviyesinin kritik d\u00fczeye ula\u015ft\u0131\u011f\u0131 belirtildi. Meteorolojik verilere g\u00f6re saat 09.00 itibar\u0131yla Karaburun-\u00c7e\u015fme hatt\u0131nda 124 mm ya\u011f\u0131\u015f kaydedilirken, Dikili\u2019de 46 mm, Karaburun\u2019da 44 mm, Fo\u00e7a\u2019da 40 mm ve Bergama\u2019da 35 mm ya\u011f\u0131\u015f \u00f6l\u00e7\u00fcld\u00fc.<\/p>\n<p>Esnaftan altyap\u0131 isyan\u0131<br \/>\n<br \/>\u00c7e\u015fme genelinde altyap\u0131 s\u0131k\u0131nt\u0131s\u0131 nedeniyle her y\u0131l su bask\u0131nlar\u0131 ya\u015fad\u0131klar\u0131n\u0131 s\u00f6yleyen esnaf ise \u00c7e\u015fme Belediye Ba\u015fkan\u0131 Lal Denizli\u2019ye tepki g\u00f6sterdi. Il\u0131ca\u2019da d\u00f6nercilik yapan esnaf Ya\u015far Y\u0131lmaz, &#8220;Bu her y\u0131l b\u00f6yle oluyor. Ama d\u00fcnk\u00fc ya\u011fmur daha fazlayd\u0131. Ama bu \u00c7e\u015fme\u2019nin alt yap\u0131 sorunu var. Belediye Ba\u015fkan\u0131m\u0131zdan bu altyap\u0131 sorununa destek vermesini istiyoruz. D\u00fckkan\u0131mdaki b\u00fct\u00fcn etler elektrikler gitti\u011fi i\u00e7in bozuldu. \u0130\u015f yerimde 300 bin lira zarar\u0131m var. Esnaf zaten peri\u015fan oldu. \u015eu altyap\u0131 s\u0131k\u0131nt\u0131s\u0131n\u0131 \u00e7\u00f6zs\u00fcnler, art\u0131k yeter&#8221; dedi.<\/p>\n<p>Sa\u011fanak \u0130zmir merkezde de etkili oldu<br \/>\n<br \/>Meteoroloji 2\u2019nci B\u00f6lge M\u00fcd\u00fcrl\u00fc\u011f\u00fc ile AFAD\u2019\u0131n sar\u0131 kodlu ya\u011f\u0131\u015f uyar\u0131s\u0131 sonras\u0131nda d\u00fcn ak\u015fam saatlerinden itibaren kentte, g\u00f6k g\u00fcr\u00fclt\u00fcl\u00fc sa\u011fanak etkili oldu. Sa\u011fanak hayat\u0131 olumsuz etkilerken, s\u00fcr\u00fcc\u00fcler trafikte ara\u00e7lar\u0131 ile ilerlemekte g\u00fc\u00e7l\u00fck \u00e7ekti. Ya\u011f\u0131\u015f nedeniyle baz\u0131 cadde ve sokaklarda su birikintileri olu\u015ftu. \u0130l genelinde toplam 167 ihbar al\u0131nd\u0131. \u0130tfaiye ekiplerinin 112 hatt\u0131 \u00fczerinden ald\u0131\u011f\u0131 61 ihbar\u0131n; 44\u2019\u00fc ev su bask\u0131n\u0131, 11\u2019i i\u015f yeri bask\u0131n\u0131, 3\u2019\u00fc hasar tespiti ve 2\u2019si ara\u00e7 su bask\u0131n\u0131 olarak kayda ge\u00e7ti. \u0130ZSU\u2019nun 185 \u00c7a\u011fr\u0131 Merkezi\u2019ne ula\u015fan toplam 106 ihbar\u0131n 18\u2019i \u00c7e\u015fme\u2019den geldi. Bu ihbarlar\u0131n 14\u2019\u00fc ev su bask\u0131n\u0131, 4\u2019\u00fc yol su bask\u0131n\u0131 olarak rapor edildi.<br \/><\/p>\n","protected":false},"excerpt":{"rendered":"<p>\u015eiddetli ya\u011f\u0131\u015f\u0131n etkili oldu\u011fu \u00c7e\u015fme\u2019de deniz seviyesinin y\u00fckselmesi ve tahliye hatlar\u0131n\u0131n t\u0131kanmas\u0131 nedeniyle il\u00e7e merkezinde su bask\u0131nlar\u0131 ya\u015fand\u0131. \u0130l\u00e7ede hayat olumsuz etkilendi. \u0130zmir\u2019in \u00c7e\u015fme il\u00e7esinde gece boyunca etkili olan sa\u011fanak ya\u011f\u0131\u015f, sabah saatlerinde \u015fiddetini art\u0131rarak il\u00e7e merkezinde su bask\u0131nlar\u0131na yol a\u00e7t\u0131. \u0130ZSU Genel M\u00fcd\u00fcrl\u00fc\u011f\u00fc taraf\u0131ndan 09.30 itibar\u0131yla payla\u015f\u0131lan bilgilere g\u00f6re, lodosun da etkisiyle deniz seviyesinin&#8230;<\/p>\n","protected":false},"author":1,"featured_media":71016,"comment_status":"open","ping_status":"open","sticky":false,"template":"","format":"standard","meta":{"_crdt_document":"","footnotes":""},"categories":[5],"tags":[],"class_list":["post-71015","post","type-post","status-publish","format-standard","has-post-thumbnail","hentry","category-asayis"],"_links":{"self":[{"href":"https:\/\/www.egemtv.com\/index.php?rest_route=\/wp\/v2\/posts\/71015","targetHints":{"allow":["GET"]}}],"collection":[{"href":"https:\/\/www.egemtv.com\/index.php?rest_route=\/wp\/v2\/posts"}],"about":[{"href":"https:\/\/www.egemtv.com\/index.php?rest_route=\/wp\/v2\/types\/post"}],"author":[{"embeddable":true,"href":"https:\/\/www.egemtv.com\/index.php?rest_route=\/wp\/v2\/users\/1"}],"replies":[{"embeddable":true,"href":"https:\/\/www.egemtv.com\/index.php?rest_route=%2Fwp%2Fv2%2Fcomments&post=71015"}],"version-history":[{"count":1,"href":"https:\/\/www.egemtv.com\/index.php?rest_route=\/wp\/v2\/posts\/71015\/revisions"}],"predecessor-version":[{"id":71017,"href":"https:\/\/www.egemtv.com\/index.php?rest_route=\/wp\/v2\/posts\/71015\/revisions\/71017"}],"wp:featuredmedia":[{"embeddable":true,"href":"https:\/\/www.egemtv.com\/index.php?rest_route=\/wp\/v2\/media\/71016"}],"wp:attachment":[{"href":"https:\/\/www.egemtv.com\/index.php?rest_route=%2Fwp%2Fv2%2Fmedia&parent=71015"}],"wp:term":[{"taxonomy":"category","embeddable":true,"href":"https:\/\/www.egemtv.com\/index.php?rest_route=%2Fwp%2Fv2%2Fcategories&post=71015"},{"taxonomy":"post_tag","embeddable":true,"href":"https:\/\/www.egemtv.com\/index.php?rest_route=%2Fwp%2Fv2%2Ftags&post=71015"}],"curies":[{"name":"wp","href":"https:\/\/api.w.org\/{rel}","templated":true}]}}