{"id":71012,"date":"2025-11-29T14:55:03","date_gmt":"2025-11-29T11:55:03","guid":{"rendered":"https:\/\/www.egemtv.com\/?p=71012"},"modified":"2025-11-29T14:55:05","modified_gmt":"2025-11-29T11:55:05","slug":"kusadasinin-mitolojik-duragi-ziyaretcilerini-bekliyor","status":"publish","type":"post","link":"https:\/\/www.egemtv.com\/?p=71012","title":{"rendered":"Ku\u015fadas\u0131\u2019n\u0131n mitolojik dura\u011f\u0131, ziyaret\u00e7ilerini bekliyor"},"content":{"rendered":"<p>Ayd\u0131n\u2019\u0131n Ku\u015fadas\u0131 il\u00e7esinde bulunan Zeus Ma\u011faras\u0131, mitolojinin izlerini ve serin sular\u0131n\u0131 ziyaret\u00e7ilerine sunuyor.<br \/>\n<br \/>Ku\u015fadas\u0131 il\u00e7esi Dilek Yar\u0131madas\u0131 B\u00fcy\u00fck Menderes Deltas\u0131 Milli Park\u0131 s\u0131n\u0131rlar\u0131 i\u00e7inde bulunan ve il\u00e7enin mitolojik dura\u011f\u0131 olarak tabir edilen Zeus Ma\u011faras\u0131, ziyaret\u00e7ilerini bekliyor. Efsaneye g\u00f6re G\u00f6k Tanr\u0131s\u0131 Zeus\u2019un, karde\u015fi Poseidon\u2019un \u00f6fkesinden ka\u00e7arken sakland\u0131\u011f\u0131 yer olarak bilinen Zeus Ma\u011faras\u0131, do\u011fal olu\u015fumuyla da dikkat \u00e7ekerken, ma\u011fara i\u00e7erisinde ayr\u0131ca da\u011fdan gelen tatl\u0131 su ile denizden gelen tuzlu suyun bulu\u015fmas\u0131yla olu\u015fan benzersiz bir ekosistem mevcut. Su s\u0131cakl\u0131\u011f\u0131n\u0131n y\u0131l boyunca yakla\u015f\u0131k 5 derece olmas\u0131 sebebiyle \u00f6zellikle yaz aylar\u0131nda ziyaret\u00e7i yo\u011funlu\u011funun ya\u015fand\u0131\u011f\u0131 ma\u011faraya dikkat \u00e7eken Ayd\u0131n \u0130l K\u00fclt\u00fcr ve Turizm M\u00fcd\u00fcrl\u00fc\u011f\u00fc ise Ku\u015fadas\u0131\u2019na gelen ziyaret\u00e7ileri ma\u011faray\u0131 g\u00f6rmeden Milli Park\u2019a ge\u00e7memeleri gerekti\u011fini belirtti.<br \/><\/p>\n","protected":false},"excerpt":{"rendered":"<p>Ayd\u0131n\u2019\u0131n Ku\u015fadas\u0131 il\u00e7esinde bulunan Zeus Ma\u011faras\u0131, mitolojinin izlerini ve serin sular\u0131n\u0131 ziyaret\u00e7ilerine sunuyor. Ku\u015fadas\u0131 il\u00e7esi Dilek Yar\u0131madas\u0131 B\u00fcy\u00fck Menderes Deltas\u0131 Milli Park\u0131 s\u0131n\u0131rlar\u0131 i\u00e7inde bulunan ve il\u00e7enin mitolojik dura\u011f\u0131 olarak tabir edilen Zeus Ma\u011faras\u0131, ziyaret\u00e7ilerini bekliyor. Efsaneye g\u00f6re G\u00f6k Tanr\u0131s\u0131 Zeus\u2019un, karde\u015fi Poseidon\u2019un \u00f6fkesinden ka\u00e7arken sakland\u0131\u011f\u0131 yer olarak bilinen Zeus Ma\u011faras\u0131, do\u011fal olu\u015fumuyla da dikkat&#8230;<\/p>\n","protected":false},"author":1,"featured_media":71013,"comment_status":"open","ping_status":"open","sticky":false,"template":"","format":"standard","meta":{"_crdt_document":"","footnotes":""},"categories":[1],"tags":[],"class_list":["post-71012","post","type-post","status-publish","format-standard","has-post-thumbnail","hentry","category-guncel"],"_links":{"self":[{"href":"https:\/\/www.egemtv.com\/index.php?rest_route=\/wp\/v2\/posts\/71012","targetHints":{"allow":["GET"]}}],"collection":[{"href":"https:\/\/www.egemtv.com\/index.php?rest_route=\/wp\/v2\/posts"}],"about":[{"href":"https:\/\/www.egemtv.com\/index.php?rest_route=\/wp\/v2\/types\/post"}],"author":[{"embeddable":true,"href":"https:\/\/www.egemtv.com\/index.php?rest_route=\/wp\/v2\/users\/1"}],"replies":[{"embeddable":true,"href":"https:\/\/www.egemtv.com\/index.php?rest_route=%2Fwp%2Fv2%2Fcomments&post=71012"}],"version-history":[{"count":1,"href":"https:\/\/www.egemtv.com\/index.php?rest_route=\/wp\/v2\/posts\/71012\/revisions"}],"predecessor-version":[{"id":71014,"href":"https:\/\/www.egemtv.com\/index.php?rest_route=\/wp\/v2\/posts\/71012\/revisions\/71014"}],"wp:featuredmedia":[{"embeddable":true,"href":"https:\/\/www.egemtv.com\/index.php?rest_route=\/wp\/v2\/media\/71013"}],"wp:attachment":[{"href":"https:\/\/www.egemtv.com\/index.php?rest_route=%2Fwp%2Fv2%2Fmedia&parent=71012"}],"wp:term":[{"taxonomy":"category","embeddable":true,"href":"https:\/\/www.egemtv.com\/index.php?rest_route=%2Fwp%2Fv2%2Fcategories&post=71012"},{"taxonomy":"post_tag","embeddable":true,"href":"https:\/\/www.egemtv.com\/index.php?rest_route=%2Fwp%2Fv2%2Ftags&post=71012"}],"curies":[{"name":"wp","href":"https:\/\/api.w.org\/{rel}","templated":true}]}}