{"id":71009,"date":"2025-11-29T14:34:35","date_gmt":"2025-11-29T11:34:35","guid":{"rendered":"https:\/\/www.egemtv.com\/?p=71009"},"modified":"2025-11-29T14:34:35","modified_gmt":"2025-11-29T11:34:35","slug":"tavsanli-gencyurdu-spor-kulubu-100uncu-yilini-kutladi","status":"publish","type":"post","link":"https:\/\/www.egemtv.com\/?p=71009","title":{"rendered":"Tav\u015fanl\u0131 Gen\u00e7yurdu Spor Kul\u00fcb\u00fc 100\u2019\u00fcnc\u00fc y\u0131l\u0131n\u0131 kutlad\u0131"},"content":{"rendered":"<p>K\u00fctahya\u2019n\u0131n Tav\u015fanl\u0131 il\u00e7esinde Gen\u00e7yurduspor Kul\u00fcb\u00fc\u2019n\u00fcn kurulu\u015funun 100\u2019\u00fcnc\u00fc y\u0131l\u0131, il\u00e7e merkezinde d\u00fczenlenen g\u00f6rkemli bir etkinlikle kutland\u0131.<br \/>\n<br \/>Bir d\u00fc\u011f\u00fcn salonunda ger\u00e7ekle\u015ftirilen 100\u2019\u00fcnc\u00fc y\u0131l kutlama program\u0131na Tav\u015fanl\u0131 halk\u0131 yo\u011fun ilgi g\u00f6sterdi. Gecede sahne alan Safiye Soyman ve Faik \u00d6zt\u00fcrk, seslendirdikleri eserlerle kat\u0131l\u0131mc\u0131lara co\u015fkulu anlar ya\u015fatt\u0131. Sanat\u00e7\u0131 ikili, gece sonunda Gen\u00e7yurduspor\u2019un as\u0131rl\u0131k ba\u015far\u0131s\u0131n\u0131 kutlayarak kul\u00fcp y\u00f6netimine tebriklerini iletti.<br \/>\n<br \/>Etkinlik \u00f6ncesinde Tav\u015fanl\u0131 Konak\u2019ta konaklayan \u00fcnl\u00fc isimler, ertesi g\u00fcn Tav\u015fanl\u0131\u2019da adeta \u015fehir turu yapt\u0131. G\u00fcn boyu esnaf ziyaretlerinde bulunan Soyman ve \u00d6zt\u00fcrk, il\u00e7e halk\u0131 taraf\u0131ndan b\u00fcy\u00fck bir sevgi seliyle kar\u015f\u0131land\u0131. Vatanda\u015flar, sanat\u00e7\u0131larla foto\u011fraf \u00e7ekmek i\u00e7in birbiriyle yar\u0131\u015ft\u0131.<br \/><\/p>\n","protected":false},"excerpt":{"rendered":"<p>K\u00fctahya\u2019n\u0131n Tav\u015fanl\u0131 il\u00e7esinde Gen\u00e7yurduspor Kul\u00fcb\u00fc\u2019n\u00fcn kurulu\u015funun 100\u2019\u00fcnc\u00fc y\u0131l\u0131, il\u00e7e merkezinde d\u00fczenlenen g\u00f6rkemli bir etkinlikle kutland\u0131. Bir d\u00fc\u011f\u00fcn salonunda ger\u00e7ekle\u015ftirilen 100\u2019\u00fcnc\u00fc y\u0131l kutlama program\u0131na Tav\u015fanl\u0131 halk\u0131 yo\u011fun ilgi g\u00f6sterdi. Gecede sahne alan Safiye Soyman ve Faik \u00d6zt\u00fcrk, seslendirdikleri eserlerle kat\u0131l\u0131mc\u0131lara co\u015fkulu anlar ya\u015fatt\u0131. Sanat\u00e7\u0131 ikili, gece sonunda Gen\u00e7yurduspor\u2019un as\u0131rl\u0131k ba\u015far\u0131s\u0131n\u0131 kutlayarak kul\u00fcp y\u00f6netimine tebriklerini iletti. Etkinlik&#8230;<\/p>\n","protected":false},"author":1,"featured_media":71010,"comment_status":"open","ping_status":"open","sticky":false,"template":"","format":"standard","meta":{"_crdt_document":"","footnotes":""},"categories":[4],"tags":[],"class_list":["post-71009","post","type-post","status-publish","format-standard","has-post-thumbnail","hentry","category-spor"],"_links":{"self":[{"href":"https:\/\/www.egemtv.com\/index.php?rest_route=\/wp\/v2\/posts\/71009","targetHints":{"allow":["GET"]}}],"collection":[{"href":"https:\/\/www.egemtv.com\/index.php?rest_route=\/wp\/v2\/posts"}],"about":[{"href":"https:\/\/www.egemtv.com\/index.php?rest_route=\/wp\/v2\/types\/post"}],"author":[{"embeddable":true,"href":"https:\/\/www.egemtv.com\/index.php?rest_route=\/wp\/v2\/users\/1"}],"replies":[{"embeddable":true,"href":"https:\/\/www.egemtv.com\/index.php?rest_route=%2Fwp%2Fv2%2Fcomments&post=71009"}],"version-history":[{"count":1,"href":"https:\/\/www.egemtv.com\/index.php?rest_route=\/wp\/v2\/posts\/71009\/revisions"}],"predecessor-version":[{"id":71011,"href":"https:\/\/www.egemtv.com\/index.php?rest_route=\/wp\/v2\/posts\/71009\/revisions\/71011"}],"wp:featuredmedia":[{"embeddable":true,"href":"https:\/\/www.egemtv.com\/index.php?rest_route=\/wp\/v2\/media\/71010"}],"wp:attachment":[{"href":"https:\/\/www.egemtv.com\/index.php?rest_route=%2Fwp%2Fv2%2Fmedia&parent=71009"}],"wp:term":[{"taxonomy":"category","embeddable":true,"href":"https:\/\/www.egemtv.com\/index.php?rest_route=%2Fwp%2Fv2%2Fcategories&post=71009"},{"taxonomy":"post_tag","embeddable":true,"href":"https:\/\/www.egemtv.com\/index.php?rest_route=%2Fwp%2Fv2%2Ftags&post=71009"}],"curies":[{"name":"wp","href":"https:\/\/api.w.org\/{rel}","templated":true}]}}