{"id":71006,"date":"2025-11-29T14:34:34","date_gmt":"2025-11-29T11:34:34","guid":{"rendered":"https:\/\/www.egemtv.com\/?p=71006"},"modified":"2025-11-29T14:34:34","modified_gmt":"2025-11-29T11:34:34","slug":"turkiye-enduro-ve-atv-sampiyonasi-heyecan-dolu-anlar-yasatti","status":"publish","type":"post","link":"https:\/\/www.egemtv.com\/?p=71006","title":{"rendered":"T\u00fcrkiye Enduro ve ATV \u015eampiyonas\u0131, heyecan dolu anlar ya\u015fatt\u0131"},"content":{"rendered":"<p>T\u00fcrkiye Enduro ve ATV \u015eampiyonas\u0131\u2019n\u0131n 3. Ayak yar\u0131\u015flar\u0131, Fethiye\u2019de ba\u015flad\u0131.<\/p>\n<p>T\u00fcrkiye Enduro ve ATV \u015eampiyonas\u0131 2025 sezonunun son yar\u0131\u015flar\u0131, Fethiye\u2019nin Esenk\u00f6y Mahallesi\u2019ndeki Akdeniz Off Road Park\u2019ta ba\u015flad\u0131. Zorlu parkurlarda m\u00fccadele eden sporcular, 3. ayak yar\u0131\u015flar\u0131nda heyecan dolu anlar ya\u015fatt\u0131. T\u00fcrkiye Motosiklet Federasyonu ve Fethiye Orman Spor Kul\u00fcb\u00fc i\u015f birli\u011finde Esenk\u00f6y Mahallesi\u2019ndeki Akdeniz Off-Road Park\u2019ta d\u00fczenlenen \u015fampiyonaya farkl\u0131 illerden yakla\u015f\u0131k 105 sporcu kat\u0131l\u0131yor. T\u00fcrkiye\u2019nin d\u00f6rt bir yan\u0131ndan 105 sporcu, \u015fampiyonan\u0131n 3. ayak yar\u0131\u015flar\u0131nda k\u0131yas\u0131ya m\u00fccadele ederken, yar\u0131\u015flar Enduro prestij, Enduro usta, Enduro hobi, Enduro gen\u00e7ler, Enduro veteran ve Enduro kad\u0131nlar gibi farkl\u0131 s\u0131n\u0131flarda ger\u00e7ekle\u015ftiriliyor. Her kategoride \u015fampiyonluk m\u00fccadelesi veren sporcular, Akdeniz Off Road Park\u2019\u0131n zorlu parkurlar\u0131nda en iyi performanslar\u0131n\u0131 sergilemek i\u00e7in ter d\u00f6kt\u00fcler. Sporcular, ekstrem parkurda birbirinden zorlu yapay engelleri ge\u00e7erek dereceye girmek i\u00e7in m\u00fccadele etti. Yar\u0131n d\u00fczenlenecek 4. ayak yar\u0131\u015flar\u0131n ard\u0131ndan \u015fampiyonlar belli olacak.<\/p>\n<p>&#8220;\u015eampiyonlar\u0131 Fethiye\u2019de belirleyece\u011fiz&#8221;<br \/>\n<br \/>T\u00fcrkiye Motosiklet Federasyonu Y\u00f6netim Kurulu \u00dcyesi Sad\u0131k \u00d6zdemir, yapt\u0131\u011f\u0131 a\u00e7\u0131klamada &#8220;105 sporcu ile sezonun finalini haz\u0131rl\u0131yoruz. T\u00fcrkiye\u2019de bir ilki yap\u0131p 3. ve 4. Ayak yar\u0131\u015flar\u0131na puan veriyoruz. G\u00fczel bir havada, yap\u0131\u015f beklerken enduroda keyifli bir s\u0131ralamay\u0131 tamamlad\u0131k. Bug\u00fcn de ilk g\u00fcn yar\u0131\u015flar\u0131m\u0131z\u0131 bitirece\u011fiz. Yar\u0131n da 4. ayak yar\u0131\u015flar\u0131na puan vererek sezonumuzu kapataca\u011f\u0131z ve \u015fampiyonlar\u0131m\u0131z\u0131 Fethiye\u2019de belirleyece\u011fiz. 105 sporcumuz ile toplamda 15 ilden yar\u0131\u015fmaya kat\u0131lan sporcular\u0131m\u0131z ile m\u00fccadele veriyoruz&#8221; ifadelerini kulland\u0131.<br \/><\/p>\n","protected":false},"excerpt":{"rendered":"<p>T\u00fcrkiye Enduro ve ATV \u015eampiyonas\u0131\u2019n\u0131n 3. Ayak yar\u0131\u015flar\u0131, Fethiye\u2019de ba\u015flad\u0131. T\u00fcrkiye Enduro ve ATV \u015eampiyonas\u0131 2025 sezonunun son yar\u0131\u015flar\u0131, Fethiye\u2019nin Esenk\u00f6y Mahallesi\u2019ndeki Akdeniz Off Road Park\u2019ta ba\u015flad\u0131. Zorlu parkurlarda m\u00fccadele eden sporcular, 3. ayak yar\u0131\u015flar\u0131nda heyecan dolu anlar ya\u015fatt\u0131. T\u00fcrkiye Motosiklet Federasyonu ve Fethiye Orman Spor Kul\u00fcb\u00fc i\u015f birli\u011finde Esenk\u00f6y Mahallesi\u2019ndeki Akdeniz Off-Road Park\u2019ta d\u00fczenlenen&#8230;<\/p>\n","protected":false},"author":1,"featured_media":71007,"comment_status":"open","ping_status":"open","sticky":false,"template":"","format":"standard","meta":{"_crdt_document":"","footnotes":""},"categories":[4],"tags":[],"class_list":["post-71006","post","type-post","status-publish","format-standard","has-post-thumbnail","hentry","category-spor"],"_links":{"self":[{"href":"https:\/\/www.egemtv.com\/index.php?rest_route=\/wp\/v2\/posts\/71006","targetHints":{"allow":["GET"]}}],"collection":[{"href":"https:\/\/www.egemtv.com\/index.php?rest_route=\/wp\/v2\/posts"}],"about":[{"href":"https:\/\/www.egemtv.com\/index.php?rest_route=\/wp\/v2\/types\/post"}],"author":[{"embeddable":true,"href":"https:\/\/www.egemtv.com\/index.php?rest_route=\/wp\/v2\/users\/1"}],"replies":[{"embeddable":true,"href":"https:\/\/www.egemtv.com\/index.php?rest_route=%2Fwp%2Fv2%2Fcomments&post=71006"}],"version-history":[{"count":1,"href":"https:\/\/www.egemtv.com\/index.php?rest_route=\/wp\/v2\/posts\/71006\/revisions"}],"predecessor-version":[{"id":71008,"href":"https:\/\/www.egemtv.com\/index.php?rest_route=\/wp\/v2\/posts\/71006\/revisions\/71008"}],"wp:featuredmedia":[{"embeddable":true,"href":"https:\/\/www.egemtv.com\/index.php?rest_route=\/wp\/v2\/media\/71007"}],"wp:attachment":[{"href":"https:\/\/www.egemtv.com\/index.php?rest_route=%2Fwp%2Fv2%2Fmedia&parent=71006"}],"wp:term":[{"taxonomy":"category","embeddable":true,"href":"https:\/\/www.egemtv.com\/index.php?rest_route=%2Fwp%2Fv2%2Fcategories&post=71006"},{"taxonomy":"post_tag","embeddable":true,"href":"https:\/\/www.egemtv.com\/index.php?rest_route=%2Fwp%2Fv2%2Ftags&post=71006"}],"curies":[{"name":"wp","href":"https:\/\/api.w.org\/{rel}","templated":true}]}}