{"id":71003,"date":"2025-11-29T14:15:53","date_gmt":"2025-11-29T11:15:53","guid":{"rendered":"https:\/\/www.egemtv.com\/?p=71003"},"modified":"2025-11-29T14:15:54","modified_gmt":"2025-11-29T11:15:54","slug":"bodrumda-saganak-sonrasi-deniz-camura-dondu-ikiye-ayrilan-renk-gorenleri-sasirtti","status":"publish","type":"post","link":"https:\/\/www.egemtv.com\/?p=71003","title":{"rendered":"Bodrum\u2019da sa\u011fanak sonras\u0131 deniz \u00e7amura d\u00f6nd\u00fc, ikiye ayr\u0131lan renk g\u00f6renleri \u015fa\u015f\u0131rtt\u0131"},"content":{"rendered":"<p>Mu\u011fla\u2019n\u0131n Bodrum il\u00e7esinde sabah saatlerinde etkisini g\u00f6steren sa\u011fanak ya\u011f\u0131\u015f\u0131n ard\u0131ndan denizin rengi de\u011fi\u015fti. Denizin bir b\u00f6l\u00fcm\u00fc masmavi kal\u0131rken, di\u011fer b\u00f6l\u00fcml\u00fc ise kahverengine d\u00f6nd\u00fc.<br \/>\n<br \/>\u00c7amur y\u00fckl\u00fc ak\u0131nt\u0131n\u0131n denize kar\u0131\u015fmas\u0131yla k\u0131y\u0131 \u015feridinde adeta iki farkl\u0131 renk ortaya \u00e7\u0131kt\u0131. Denizin bir b\u00f6l\u00fcm\u00fc masmavi kal\u0131rken, di\u011fer b\u00f6l\u00fcm\u00fc \u00e7amurun etkisiyle koyu kahverengiye d\u00f6nd\u00fc. Dron ile kaydedilen g\u00f6r\u00fcnt\u00fclerde renk ayr\u0131m\u0131n\u0131n keskin bir \u00e7izgi halinde ilerledi\u011fi g\u00f6r\u00fcl\u00fcrken, vatanda\u015flar bu manzaray\u0131 \u015fa\u015fk\u0131nl\u0131kla izledi. Yo\u011fun ya\u011f\u0131\u015f\u0131n ard\u0131ndan Bodrum Kaymakaml\u0131\u011f\u0131, Bodrum Belediyesi, emniyet g\u00fc\u00e7leri ve jandarma teyakkuza ge\u00e7ti. Belediye ekipleri ta\u015fan derelerin s\u00fcr\u00fckledi\u011fi \u00e7amur ve malzemeleri h\u0131zla temizlerken, emniyet g\u00fc\u00e7leri trafik ak\u0131\u015f\u0131n\u0131 kontrol alt\u0131na ald\u0131. Bodrum Kaymakam\u0131 Ali S\u0131rmal\u0131 ise il\u00e7ede muhtemel bir sel bask\u0131n\u0131na kar\u015f\u0131 t\u00fcm ekipleri seferber ederek b\u00f6lgede teyakkuz durumunu s\u00fcrd\u00fcrd\u00fc. \u00d6te yandan, son 6 saat i\u00e7inde metrekareye 22.6 kilogram ya\u011f\u0131\u015f d\u00fc\u015ft\u00fc\u011f\u00fc \u00f6\u011frenildi.<br \/><\/p>\n","protected":false},"excerpt":{"rendered":"<p>Mu\u011fla\u2019n\u0131n Bodrum il\u00e7esinde sabah saatlerinde etkisini g\u00f6steren sa\u011fanak ya\u011f\u0131\u015f\u0131n ard\u0131ndan denizin rengi de\u011fi\u015fti. Denizin bir b\u00f6l\u00fcm\u00fc masmavi kal\u0131rken, di\u011fer b\u00f6l\u00fcml\u00fc ise kahverengine d\u00f6nd\u00fc. \u00c7amur y\u00fckl\u00fc ak\u0131nt\u0131n\u0131n denize kar\u0131\u015fmas\u0131yla k\u0131y\u0131 \u015feridinde adeta iki farkl\u0131 renk ortaya \u00e7\u0131kt\u0131. Denizin bir b\u00f6l\u00fcm\u00fc masmavi kal\u0131rken, di\u011fer b\u00f6l\u00fcm\u00fc \u00e7amurun etkisiyle koyu kahverengiye d\u00f6nd\u00fc. Dron ile kaydedilen g\u00f6r\u00fcnt\u00fclerde renk ayr\u0131m\u0131n\u0131n keskin&#8230;<\/p>\n","protected":false},"author":1,"featured_media":71004,"comment_status":"open","ping_status":"open","sticky":false,"template":"","format":"standard","meta":{"_crdt_document":"","footnotes":""},"categories":[5],"tags":[],"class_list":["post-71003","post","type-post","status-publish","format-standard","has-post-thumbnail","hentry","category-asayis"],"_links":{"self":[{"href":"https:\/\/www.egemtv.com\/index.php?rest_route=\/wp\/v2\/posts\/71003","targetHints":{"allow":["GET"]}}],"collection":[{"href":"https:\/\/www.egemtv.com\/index.php?rest_route=\/wp\/v2\/posts"}],"about":[{"href":"https:\/\/www.egemtv.com\/index.php?rest_route=\/wp\/v2\/types\/post"}],"author":[{"embeddable":true,"href":"https:\/\/www.egemtv.com\/index.php?rest_route=\/wp\/v2\/users\/1"}],"replies":[{"embeddable":true,"href":"https:\/\/www.egemtv.com\/index.php?rest_route=%2Fwp%2Fv2%2Fcomments&post=71003"}],"version-history":[{"count":1,"href":"https:\/\/www.egemtv.com\/index.php?rest_route=\/wp\/v2\/posts\/71003\/revisions"}],"predecessor-version":[{"id":71005,"href":"https:\/\/www.egemtv.com\/index.php?rest_route=\/wp\/v2\/posts\/71003\/revisions\/71005"}],"wp:featuredmedia":[{"embeddable":true,"href":"https:\/\/www.egemtv.com\/index.php?rest_route=\/wp\/v2\/media\/71004"}],"wp:attachment":[{"href":"https:\/\/www.egemtv.com\/index.php?rest_route=%2Fwp%2Fv2%2Fmedia&parent=71003"}],"wp:term":[{"taxonomy":"category","embeddable":true,"href":"https:\/\/www.egemtv.com\/index.php?rest_route=%2Fwp%2Fv2%2Fcategories&post=71003"},{"taxonomy":"post_tag","embeddable":true,"href":"https:\/\/www.egemtv.com\/index.php?rest_route=%2Fwp%2Fv2%2Ftags&post=71003"}],"curies":[{"name":"wp","href":"https:\/\/api.w.org\/{rel}","templated":true}]}}