{"id":71000,"date":"2025-11-29T13:54:54","date_gmt":"2025-11-29T10:54:54","guid":{"rendered":"https:\/\/www.egemtv.com\/?p=71000"},"modified":"2025-11-29T13:54:55","modified_gmt":"2025-11-29T10:54:55","slug":"didimde-saganak-yagis-etkili-oldu","status":"publish","type":"post","link":"https:\/\/www.egemtv.com\/?p=71000","title":{"rendered":"Didim\u2019de sa\u011fanak ya\u011f\u0131\u015f etkili oldu"},"content":{"rendered":"<p>Ege B\u00f6lgesi i\u00e7in yap\u0131lan \u015fiddetli ya\u011f\u0131\u015f uyar\u0131s\u0131 sonras\u0131nda Ayd\u0131n\u2019\u0131n Didim il\u00e7esinde ya\u011f\u0131\u015flar etkili oldu. Aylar sonra etkili olan ya\u011f\u0131\u015flar g\u00fcnl\u00fck ya\u015fam\u0131 olumsuz etkiledi.<\/p>\n<p>Ege B\u00f6lgesinde etkili olan \u015fiddetli ya\u011f\u0131\u015flar Didim\u2019de de etkisini g\u00f6sterdi. \u0130l\u00e7ede gece saatlerinde ba\u015flayan ya\u011f\u0131\u015flar sabah saatlerinde etkisini art\u0131rd\u0131. \u015eiddetli ya\u011f\u0131\u015flar sebebiyle cadde ve bulvar ya\u011fmur sular\u0131 alt\u0131nda kald\u0131. Ya\u011f\u0131\u015f g\u00fcnl\u00fck ya\u015fam\u0131 da olumsuz etkilerken, baz\u0131 caddelerde ara\u00e7 trafi\u011finin zorland\u0131\u011f\u0131 g\u00f6r\u00fcld\u00fc. Ya\u011f\u0131\u015flar\u0131n g\u00fcn boyu etkisini s\u00fcrd\u00fcrmesi bekleniyor.<br \/><\/p>\n","protected":false},"excerpt":{"rendered":"<p>Ege B\u00f6lgesi i\u00e7in yap\u0131lan \u015fiddetli ya\u011f\u0131\u015f uyar\u0131s\u0131 sonras\u0131nda Ayd\u0131n\u2019\u0131n Didim il\u00e7esinde ya\u011f\u0131\u015flar etkili oldu. Aylar sonra etkili olan ya\u011f\u0131\u015flar g\u00fcnl\u00fck ya\u015fam\u0131 olumsuz etkiledi. Ege B\u00f6lgesinde etkili olan \u015fiddetli ya\u011f\u0131\u015flar Didim\u2019de de etkisini g\u00f6sterdi. \u0130l\u00e7ede gece saatlerinde ba\u015flayan ya\u011f\u0131\u015flar sabah saatlerinde etkisini art\u0131rd\u0131. \u015eiddetli ya\u011f\u0131\u015flar sebebiyle cadde ve bulvar ya\u011fmur sular\u0131 alt\u0131nda kald\u0131. Ya\u011f\u0131\u015f g\u00fcnl\u00fck ya\u015fam\u0131&#8230;<\/p>\n","protected":false},"author":1,"featured_media":71001,"comment_status":"open","ping_status":"open","sticky":false,"template":"","format":"standard","meta":{"_crdt_document":"","footnotes":""},"categories":[1],"tags":[],"class_list":["post-71000","post","type-post","status-publish","format-standard","has-post-thumbnail","hentry","category-guncel"],"_links":{"self":[{"href":"https:\/\/www.egemtv.com\/index.php?rest_route=\/wp\/v2\/posts\/71000","targetHints":{"allow":["GET"]}}],"collection":[{"href":"https:\/\/www.egemtv.com\/index.php?rest_route=\/wp\/v2\/posts"}],"about":[{"href":"https:\/\/www.egemtv.com\/index.php?rest_route=\/wp\/v2\/types\/post"}],"author":[{"embeddable":true,"href":"https:\/\/www.egemtv.com\/index.php?rest_route=\/wp\/v2\/users\/1"}],"replies":[{"embeddable":true,"href":"https:\/\/www.egemtv.com\/index.php?rest_route=%2Fwp%2Fv2%2Fcomments&post=71000"}],"version-history":[{"count":1,"href":"https:\/\/www.egemtv.com\/index.php?rest_route=\/wp\/v2\/posts\/71000\/revisions"}],"predecessor-version":[{"id":71002,"href":"https:\/\/www.egemtv.com\/index.php?rest_route=\/wp\/v2\/posts\/71000\/revisions\/71002"}],"wp:featuredmedia":[{"embeddable":true,"href":"https:\/\/www.egemtv.com\/index.php?rest_route=\/wp\/v2\/media\/71001"}],"wp:attachment":[{"href":"https:\/\/www.egemtv.com\/index.php?rest_route=%2Fwp%2Fv2%2Fmedia&parent=71000"}],"wp:term":[{"taxonomy":"category","embeddable":true,"href":"https:\/\/www.egemtv.com\/index.php?rest_route=%2Fwp%2Fv2%2Fcategories&post=71000"},{"taxonomy":"post_tag","embeddable":true,"href":"https:\/\/www.egemtv.com\/index.php?rest_route=%2Fwp%2Fv2%2Ftags&post=71000"}],"curies":[{"name":"wp","href":"https:\/\/api.w.org\/{rel}","templated":true}]}}