{"id":70997,"date":"2025-11-29T13:54:53","date_gmt":"2025-11-29T10:54:53","guid":{"rendered":"https:\/\/www.egemtv.com\/?p=70997"},"modified":"2025-11-29T13:54:54","modified_gmt":"2025-11-29T10:54:54","slug":"dikilide-araclar-su-altinda-kaldi","status":"publish","type":"post","link":"https:\/\/www.egemtv.com\/?p=70997","title":{"rendered":"Dikili\u2019de ara\u00e7lar su alt\u0131nda kald\u0131"},"content":{"rendered":"<p>\u0130zmir genelinde sabah saatlerinde etkisini art\u0131ran sa\u011fanak ya\u011f\u0131\u015f sebebiyle Dikili il\u00e7esinde yollar g\u00f6le d\u00f6nd\u00fc, park halindeki baz\u0131 ara\u00e7lar suya g\u00f6m\u00fcld\u00fc.<br \/>\n<br \/>\u0130zmir\u2019de d\u00fcn ak\u015fam saatlerinde bat\u0131 il\u00e7elerde ba\u015flay\u0131p sabah saatlerinde de il genelinde etkili olan sa\u011fanak ya\u011f\u0131\u015f hayat\u0131 olumsuz etkiledi. En y\u00fcksek ya\u011f\u0131\u015f 154,5 kg\/m ile Karaburun\u2019da kaydedildi. Karaburun\u2019un yan\u0131 s\u0131ra \u00c7e\u015fme, Dikili ve Fo\u00e7a il\u00e7elerinde yollar adeta g\u00f6le d\u00f6nd\u00fc. Bir \u00e7ok ev ve i\u015f yeri su bask\u0131n\u0131na u\u011frarken, baz\u0131 b\u00f6lgelerde su seviyesi bir metreyi a\u015f\u0131nca park halindeki ara\u00e7lar suya g\u00f6m\u00fcld\u00fc.<br \/>\n<br \/>\u0130ZSU ve il\u00e7e belediyelerine ba\u011fl\u0131 ekiplerin bask\u0131n b\u00f6lgelerinde su tahliye \u00e7al\u0131\u015fmalar\u0131 devam ediyor.<br \/><\/p>\n","protected":false},"excerpt":{"rendered":"<p>\u0130zmir genelinde sabah saatlerinde etkisini art\u0131ran sa\u011fanak ya\u011f\u0131\u015f sebebiyle Dikili il\u00e7esinde yollar g\u00f6le d\u00f6nd\u00fc, park halindeki baz\u0131 ara\u00e7lar suya g\u00f6m\u00fcld\u00fc. \u0130zmir\u2019de d\u00fcn ak\u015fam saatlerinde bat\u0131 il\u00e7elerde ba\u015flay\u0131p sabah saatlerinde de il genelinde etkili olan sa\u011fanak ya\u011f\u0131\u015f hayat\u0131 olumsuz etkiledi. En y\u00fcksek ya\u011f\u0131\u015f 154,5 kg\/m ile Karaburun\u2019da kaydedildi. Karaburun\u2019un yan\u0131 s\u0131ra \u00c7e\u015fme, Dikili ve Fo\u00e7a il\u00e7elerinde&#8230;<\/p>\n","protected":false},"author":1,"featured_media":70998,"comment_status":"open","ping_status":"open","sticky":false,"template":"","format":"standard","meta":{"_crdt_document":"","footnotes":""},"categories":[5],"tags":[],"class_list":["post-70997","post","type-post","status-publish","format-standard","has-post-thumbnail","hentry","category-asayis"],"_links":{"self":[{"href":"https:\/\/www.egemtv.com\/index.php?rest_route=\/wp\/v2\/posts\/70997","targetHints":{"allow":["GET"]}}],"collection":[{"href":"https:\/\/www.egemtv.com\/index.php?rest_route=\/wp\/v2\/posts"}],"about":[{"href":"https:\/\/www.egemtv.com\/index.php?rest_route=\/wp\/v2\/types\/post"}],"author":[{"embeddable":true,"href":"https:\/\/www.egemtv.com\/index.php?rest_route=\/wp\/v2\/users\/1"}],"replies":[{"embeddable":true,"href":"https:\/\/www.egemtv.com\/index.php?rest_route=%2Fwp%2Fv2%2Fcomments&post=70997"}],"version-history":[{"count":1,"href":"https:\/\/www.egemtv.com\/index.php?rest_route=\/wp\/v2\/posts\/70997\/revisions"}],"predecessor-version":[{"id":70999,"href":"https:\/\/www.egemtv.com\/index.php?rest_route=\/wp\/v2\/posts\/70997\/revisions\/70999"}],"wp:featuredmedia":[{"embeddable":true,"href":"https:\/\/www.egemtv.com\/index.php?rest_route=\/wp\/v2\/media\/70998"}],"wp:attachment":[{"href":"https:\/\/www.egemtv.com\/index.php?rest_route=%2Fwp%2Fv2%2Fmedia&parent=70997"}],"wp:term":[{"taxonomy":"category","embeddable":true,"href":"https:\/\/www.egemtv.com\/index.php?rest_route=%2Fwp%2Fv2%2Fcategories&post=70997"},{"taxonomy":"post_tag","embeddable":true,"href":"https:\/\/www.egemtv.com\/index.php?rest_route=%2Fwp%2Fv2%2Ftags&post=70997"}],"curies":[{"name":"wp","href":"https:\/\/api.w.org\/{rel}","templated":true}]}}