{"id":70994,"date":"2025-11-29T13:54:53","date_gmt":"2025-11-29T10:54:53","guid":{"rendered":"https:\/\/www.egemtv.com\/?p=70994"},"modified":"2025-11-29T13:54:53","modified_gmt":"2025-11-29T10:54:53","slug":"kazada-yaralanan-kadin-polis-memuru-da-sehit-oldu","status":"publish","type":"post","link":"https:\/\/www.egemtv.com\/?p=70994","title":{"rendered":"Kazada yaralanan kad\u0131n polis memuru da \u015fehit oldu"},"content":{"rendered":"<p>Manisa\u2019n\u0131n Ala\u015fehir il\u00e7esinde 15 Kas\u0131m tarihinde bir polis memurunun \u015fehit oldu\u011fu di\u011fer polis memurunun da a\u011f\u0131r yaraland\u0131\u011f\u0131 kazada \u015fehit say\u0131s\u0131 ikiye y\u00fckseldi. 14 g\u00fcnd\u00fcr hastanede ya\u015fam m\u00fccadelesi veren polis memuru Hatice \u00dcnal ya\u015fam sava\u015f\u0131n\u0131 kaybederek \u015fehit oldu.<br \/>\n<br \/>Kaza, Manisa\u2019n\u0131n Ala\u015fehir il\u00e7esi Ala\u015fehir &#8211; Sar\u0131g\u00f6l yolu \u00fczerinde 15 Kas\u0131m tarihinde meydana geldi. Edinilen bilgiye g\u00f6re, Yenimahalle Mahallesi S\u00fcleyman Demirel Bulvar\u0131 \u00fczerinde seyir halinde olan B\u00f6lge Trafik Denetleme \u0130stasyon Amirli\u011finde g\u00f6revli polis memuru Hatice \u00dcnal ile Ali Barut\u2019un bulundu\u011fu trafik arac\u0131 \u00f6n\u00fcndeki t\u0131ra arkadan \u00e7arpt\u0131. \u00c7evredekilerin haber vermesi \u00fczerine olay yerine Manisa B\u00fcy\u00fck\u015fehir Belediyesine ba\u011fl\u0131 itfaiye ile sa\u011fl\u0131k ve polis ekipleri sevk edildi. \u0130tfaiye ekipleri taraf\u0131ndan s\u0131k\u0131\u015ft\u0131klar\u0131 yerden \u00e7\u0131kar\u0131lan polis memurlar\u0131ndan Ali Barut olay yerinde \u015fehit olurken, polis memuru Hatice \u00dcnal ise a\u011f\u0131r yaral\u0131 olarak \u00f6nce Ala\u015fehir Devlet Hastanesine ard\u0131ndan da Manisa Celal Bayar \u00dcniversitesi Hafsa Sultan Hastanesine sevk edildi. 14 g\u00fcnd\u00fcr tedavi alt\u0131nda olan Hatice \u00dcnal ya\u015fam sava\u015f\u0131n\u0131 kaybederek \u015fehit oldu.<br \/>\n<br \/>\u015eehit polis memuru Hatice \u00dcnal\u2019\u0131n Manisa \u0130l Emniyet M\u00fcd\u00fcrl\u00fc\u011f\u00fcnde d\u00fczenlenen t\u00f6renin ard\u0131ndan naa\u015f\u0131n\u0131n memleketi \u00c7ank\u0131r\u0131\u2019n\u0131n Yaprakl\u0131 il\u00e7esi Kavak Mahallesine g\u00f6nderildi\u011fi \u00f6\u011frenildi.<br \/><\/p>\n","protected":false},"excerpt":{"rendered":"<p>Manisa\u2019n\u0131n Ala\u015fehir il\u00e7esinde 15 Kas\u0131m tarihinde bir polis memurunun \u015fehit oldu\u011fu di\u011fer polis memurunun da a\u011f\u0131r yaraland\u0131\u011f\u0131 kazada \u015fehit say\u0131s\u0131 ikiye y\u00fckseldi. 14 g\u00fcnd\u00fcr hastanede ya\u015fam m\u00fccadelesi veren polis memuru Hatice \u00dcnal ya\u015fam sava\u015f\u0131n\u0131 kaybederek \u015fehit oldu. Kaza, Manisa\u2019n\u0131n Ala\u015fehir il\u00e7esi Ala\u015fehir &#8211; Sar\u0131g\u00f6l yolu \u00fczerinde 15 Kas\u0131m tarihinde meydana geldi. Edinilen bilgiye g\u00f6re, Yenimahalle&#8230;<\/p>\n","protected":false},"author":1,"featured_media":70995,"comment_status":"open","ping_status":"open","sticky":false,"template":"","format":"standard","meta":{"_crdt_document":"","footnotes":""},"categories":[5],"tags":[],"class_list":["post-70994","post","type-post","status-publish","format-standard","has-post-thumbnail","hentry","category-asayis"],"_links":{"self":[{"href":"https:\/\/www.egemtv.com\/index.php?rest_route=\/wp\/v2\/posts\/70994","targetHints":{"allow":["GET"]}}],"collection":[{"href":"https:\/\/www.egemtv.com\/index.php?rest_route=\/wp\/v2\/posts"}],"about":[{"href":"https:\/\/www.egemtv.com\/index.php?rest_route=\/wp\/v2\/types\/post"}],"author":[{"embeddable":true,"href":"https:\/\/www.egemtv.com\/index.php?rest_route=\/wp\/v2\/users\/1"}],"replies":[{"embeddable":true,"href":"https:\/\/www.egemtv.com\/index.php?rest_route=%2Fwp%2Fv2%2Fcomments&post=70994"}],"version-history":[{"count":1,"href":"https:\/\/www.egemtv.com\/index.php?rest_route=\/wp\/v2\/posts\/70994\/revisions"}],"predecessor-version":[{"id":70996,"href":"https:\/\/www.egemtv.com\/index.php?rest_route=\/wp\/v2\/posts\/70994\/revisions\/70996"}],"wp:featuredmedia":[{"embeddable":true,"href":"https:\/\/www.egemtv.com\/index.php?rest_route=\/wp\/v2\/media\/70995"}],"wp:attachment":[{"href":"https:\/\/www.egemtv.com\/index.php?rest_route=%2Fwp%2Fv2%2Fmedia&parent=70994"}],"wp:term":[{"taxonomy":"category","embeddable":true,"href":"https:\/\/www.egemtv.com\/index.php?rest_route=%2Fwp%2Fv2%2Fcategories&post=70994"},{"taxonomy":"post_tag","embeddable":true,"href":"https:\/\/www.egemtv.com\/index.php?rest_route=%2Fwp%2Fv2%2Ftags&post=70994"}],"curies":[{"name":"wp","href":"https:\/\/api.w.org\/{rel}","templated":true}]}}