{"id":70991,"date":"2025-11-29T13:54:51","date_gmt":"2025-11-29T10:54:51","guid":{"rendered":"https:\/\/www.egemtv.com\/?p=70991"},"modified":"2025-11-29T13:54:53","modified_gmt":"2025-11-29T10:54:53","slug":"ortaca-muhtarlar-dernegi-baskanindan-yanan-ev-icin-vatandaslara-yardim-cagrisi","status":"publish","type":"post","link":"https:\/\/www.egemtv.com\/?p=70991","title":{"rendered":"Ortaca Muhtarlar Derne\u011fi Ba\u015fkan\u0131ndan yanan ev i\u00e7in vatanda\u015flara yard\u0131m \u00e7a\u011fr\u0131s\u0131"},"content":{"rendered":"<p>D\u00fcn gece saatlerinde Mu\u011fla\u2019n\u0131n Ortaca il\u00e7esi Ok\u00e7ular mahallesinde tek katl\u0131 \u00e7at\u0131s\u0131 ah\u015fap binada \u00e7\u0131kan yang\u0131n sonras\u0131 ev kullan\u0131lmaz hale geldi.<br \/>\n<br \/>Evde bulunan t\u00fcm e\u015fyalar alevlere teslim olurken Ortaca Muhtarlar Derne\u011fi Ba\u015fkan\u0131 ve Bah\u00e7elievler Mahalle Muhtar\u0131 Aziz T\u00fcrkmen eve yanan vatanda\u015f i\u00e7in yard\u0131m \u00e7a\u011fr\u0131s\u0131nda bulundu. Resmi kurumlar\u0131n d\u0131\u015f\u0131nda duyarl\u0131 vatanda\u015flar taraf\u0131ndan yard\u0131m talebinde bulanan T\u00fcrkmen, &#8220;\u00c7ok de\u011ferli Ortaca\u2019l\u0131 vatanda\u015flar\u0131m\u0131z. D\u00fcn ak\u015fam saatlerinde Ortaca Ok\u00e7ular mahallemizde meydana gelen yang\u0131nda ailemizin evi kullan\u0131lamaz hale gelmi\u015ftir. Resmi kurumlar\u0131m\u0131z haricinde siz duyarl\u0131 vatanda\u015flar\u0131m\u0131z\u0131 bu zor g\u00fcnde ellerinden tutmaya davet ediyorum. Bug\u00fcn onlarda yar\u0131n bizde. \u0130rtibat i\u00e7in Ok\u00e7ular Mahalle muhtar\u0131m\u0131z Sedat Erken\u2019e ula\u015fman\u0131z yeterlidir&#8221; dedi.<br \/><\/p>\n","protected":false},"excerpt":{"rendered":"<p>D\u00fcn gece saatlerinde Mu\u011fla\u2019n\u0131n Ortaca il\u00e7esi Ok\u00e7ular mahallesinde tek katl\u0131 \u00e7at\u0131s\u0131 ah\u015fap binada \u00e7\u0131kan yang\u0131n sonras\u0131 ev kullan\u0131lmaz hale geldi. Evde bulunan t\u00fcm e\u015fyalar alevlere teslim olurken Ortaca Muhtarlar Derne\u011fi Ba\u015fkan\u0131 ve Bah\u00e7elievler Mahalle Muhtar\u0131 Aziz T\u00fcrkmen eve yanan vatanda\u015f i\u00e7in yard\u0131m \u00e7a\u011fr\u0131s\u0131nda bulundu. Resmi kurumlar\u0131n d\u0131\u015f\u0131nda duyarl\u0131 vatanda\u015flar taraf\u0131ndan yard\u0131m talebinde bulanan T\u00fcrkmen, &#8220;\u00c7ok&#8230;<\/p>\n","protected":false},"author":1,"featured_media":70992,"comment_status":"open","ping_status":"open","sticky":false,"template":"","format":"standard","meta":{"_crdt_document":"","footnotes":""},"categories":[5],"tags":[],"class_list":["post-70991","post","type-post","status-publish","format-standard","has-post-thumbnail","hentry","category-asayis"],"_links":{"self":[{"href":"https:\/\/www.egemtv.com\/index.php?rest_route=\/wp\/v2\/posts\/70991","targetHints":{"allow":["GET"]}}],"collection":[{"href":"https:\/\/www.egemtv.com\/index.php?rest_route=\/wp\/v2\/posts"}],"about":[{"href":"https:\/\/www.egemtv.com\/index.php?rest_route=\/wp\/v2\/types\/post"}],"author":[{"embeddable":true,"href":"https:\/\/www.egemtv.com\/index.php?rest_route=\/wp\/v2\/users\/1"}],"replies":[{"embeddable":true,"href":"https:\/\/www.egemtv.com\/index.php?rest_route=%2Fwp%2Fv2%2Fcomments&post=70991"}],"version-history":[{"count":1,"href":"https:\/\/www.egemtv.com\/index.php?rest_route=\/wp\/v2\/posts\/70991\/revisions"}],"predecessor-version":[{"id":70993,"href":"https:\/\/www.egemtv.com\/index.php?rest_route=\/wp\/v2\/posts\/70991\/revisions\/70993"}],"wp:featuredmedia":[{"embeddable":true,"href":"https:\/\/www.egemtv.com\/index.php?rest_route=\/wp\/v2\/media\/70992"}],"wp:attachment":[{"href":"https:\/\/www.egemtv.com\/index.php?rest_route=%2Fwp%2Fv2%2Fmedia&parent=70991"}],"wp:term":[{"taxonomy":"category","embeddable":true,"href":"https:\/\/www.egemtv.com\/index.php?rest_route=%2Fwp%2Fv2%2Fcategories&post=70991"},{"taxonomy":"post_tag","embeddable":true,"href":"https:\/\/www.egemtv.com\/index.php?rest_route=%2Fwp%2Fv2%2Ftags&post=70991"}],"curies":[{"name":"wp","href":"https:\/\/api.w.org\/{rel}","templated":true}]}}