{"id":70988,"date":"2025-11-29T13:37:06","date_gmt":"2025-11-29T10:37:06","guid":{"rendered":"https:\/\/www.egemtv.com\/?p=70988"},"modified":"2025-11-29T13:37:06","modified_gmt":"2025-11-29T10:37:06","slug":"balikoy-anadolu-lisesinden-bilek-guresinde-buyuk-basari","status":"publish","type":"post","link":"https:\/\/www.egemtv.com\/?p=70988","title":{"rendered":"Bal\u0131k\u00f6y Anadolu Lisesi\u2019nden bilek g\u00fcre\u015finde b\u00fcy\u00fck ba\u015far\u0131"},"content":{"rendered":"<p>K\u00fctahya\u2019da d\u00fczenlenen okul sporlar\u0131 bilek g\u00fcre\u015fi m\u00fcsabakalar\u0131nda Bal\u0131k\u00f6y Anadolu Lisesi ba\u015far\u0131s\u0131 ile gururland\u0131rd\u0131.<br \/>\n<br \/>Liseler aras\u0131 m\u00fcsabakalarda g\u00f6sterdi\u011fi \u00fcst\u00fcn performansla Bal\u0131k\u00f6y Anadolu Lisesi, toplam 3 birincilik, 2 ikincilik, 3 \u00fc\u00e7\u00fcnc\u00fcl\u00fck ve 5 d\u00f6rd\u00fcnc\u00fcl\u00fck kazanarak, Ege B\u00f6lgesi finallerine kat\u0131l\u0131m hakk\u0131 kazand\u0131.<br \/>\n<br \/>Okulun bu ba\u015far\u0131s\u0131nda b\u00fcy\u00fck pay sahibi olan birinci olan \u00f6\u011frenciler, K\u00fctahya\u2019y\u0131 ve \u00f6zellikle Tav\u015fanl\u0131 il\u00e7esini temsil etmek \u00fczere Ege B\u00f6lgesi Finalleri\u2019ne kat\u0131lma hakk\u0131 kazand\u0131. \u00d6\u011frencileri bu \u00f6nemli ba\u015far\u0131ya haz\u0131rlayan Beden E\u011fitimi \u00d6\u011fretmeni Harun T\u00fcrky\u0131lmaz\u2019\u0131n \u00f6zverili \u00e7al\u0131\u015fmalar\u0131 ve rehberli\u011fi takdire \u015fayan bulundu.<br \/>\n<br \/>Bal\u0131k\u00f6y Anadolu Lisesi, Ege B\u00f6lgesi Finalleri\u2019nde de K\u00fctahya ve Tav\u015fanl\u0131\u2019y\u0131 en iyi \u015fekilde temsil etmeyi hedefliyor.<br \/><\/p>\n","protected":false},"excerpt":{"rendered":"<p>K\u00fctahya\u2019da d\u00fczenlenen okul sporlar\u0131 bilek g\u00fcre\u015fi m\u00fcsabakalar\u0131nda Bal\u0131k\u00f6y Anadolu Lisesi ba\u015far\u0131s\u0131 ile gururland\u0131rd\u0131. Liseler aras\u0131 m\u00fcsabakalarda g\u00f6sterdi\u011fi \u00fcst\u00fcn performansla Bal\u0131k\u00f6y Anadolu Lisesi, toplam 3 birincilik, 2 ikincilik, 3 \u00fc\u00e7\u00fcnc\u00fcl\u00fck ve 5 d\u00f6rd\u00fcnc\u00fcl\u00fck kazanarak, Ege B\u00f6lgesi finallerine kat\u0131l\u0131m hakk\u0131 kazand\u0131. Okulun bu ba\u015far\u0131s\u0131nda b\u00fcy\u00fck pay sahibi olan birinci olan \u00f6\u011frenciler, K\u00fctahya\u2019y\u0131 ve \u00f6zellikle Tav\u015fanl\u0131 il\u00e7esini temsil&#8230;<\/p>\n","protected":false},"author":1,"featured_media":70989,"comment_status":"open","ping_status":"open","sticky":false,"template":"","format":"standard","meta":{"_crdt_document":"","footnotes":""},"categories":[4],"tags":[],"class_list":["post-70988","post","type-post","status-publish","format-standard","has-post-thumbnail","hentry","category-spor"],"_links":{"self":[{"href":"https:\/\/www.egemtv.com\/index.php?rest_route=\/wp\/v2\/posts\/70988","targetHints":{"allow":["GET"]}}],"collection":[{"href":"https:\/\/www.egemtv.com\/index.php?rest_route=\/wp\/v2\/posts"}],"about":[{"href":"https:\/\/www.egemtv.com\/index.php?rest_route=\/wp\/v2\/types\/post"}],"author":[{"embeddable":true,"href":"https:\/\/www.egemtv.com\/index.php?rest_route=\/wp\/v2\/users\/1"}],"replies":[{"embeddable":true,"href":"https:\/\/www.egemtv.com\/index.php?rest_route=%2Fwp%2Fv2%2Fcomments&post=70988"}],"version-history":[{"count":1,"href":"https:\/\/www.egemtv.com\/index.php?rest_route=\/wp\/v2\/posts\/70988\/revisions"}],"predecessor-version":[{"id":70990,"href":"https:\/\/www.egemtv.com\/index.php?rest_route=\/wp\/v2\/posts\/70988\/revisions\/70990"}],"wp:featuredmedia":[{"embeddable":true,"href":"https:\/\/www.egemtv.com\/index.php?rest_route=\/wp\/v2\/media\/70989"}],"wp:attachment":[{"href":"https:\/\/www.egemtv.com\/index.php?rest_route=%2Fwp%2Fv2%2Fmedia&parent=70988"}],"wp:term":[{"taxonomy":"category","embeddable":true,"href":"https:\/\/www.egemtv.com\/index.php?rest_route=%2Fwp%2Fv2%2Fcategories&post=70988"},{"taxonomy":"post_tag","embeddable":true,"href":"https:\/\/www.egemtv.com\/index.php?rest_route=%2Fwp%2Fv2%2Ftags&post=70988"}],"curies":[{"name":"wp","href":"https:\/\/api.w.org\/{rel}","templated":true}]}}