{"id":70985,"date":"2025-11-29T13:37:05","date_gmt":"2025-11-29T10:37:05","guid":{"rendered":"https:\/\/www.egemtv.com\/?p=70985"},"modified":"2025-11-29T13:37:06","modified_gmt":"2025-11-29T10:37:06","slug":"dogaseverler-tralleisin-onemine-dikkat-cekti","status":"publish","type":"post","link":"https:\/\/www.egemtv.com\/?p=70985","title":{"rendered":"Do\u011faseverler, \u2019Tralleis\u2019in \u00f6nemine dikkat \u00e7ekti"},"content":{"rendered":"<p>Ekosistemi Koruma ve Do\u011fa Sevenler Derne\u011fi\u2019nin (EKODOSD) s\u00f6yle\u015filerinde bu hafta Ayd\u0131n\u2019\u0131n ilk yerle\u015fim yerlerinden oldu\u011fu d\u00fc\u015f\u00fcn\u00fclen Tralleis Antik Kenti ve y\u00fcr\u00fct\u00fclen kaz\u0131 \u00e7al\u0131\u015fmalar\u0131 konu\u015fuldu.<\/p>\n<p>Ayd\u0131n\u2019da tarihin ve ekosistemin korunmas\u0131 ad\u0131na \u00f6nemli \u00e7al\u0131\u015fmalar y\u00fcr\u00fcten Ekosistemi Koruma ve Do\u011fa Sevenler Derne\u011fi (EKODOSD), \u2018\u00c7ar\u015famba S\u00f6yle\u015fileri\u2019ne aral\u0131ks\u0131z devam ediyor. Bu \u00e7er\u00e7evede d\u00fczenlenen s\u00f6yle\u015finin bu haftaki konusu &#8220;Tralleis Antik Kenti&#8221; olurken, s\u00f6yle\u015filerin bu haftaki konu\u011fu ise Tralleis Antik Kenti Kaz\u0131 Ba\u015fkan\u0131 Murat \u00c7ekilmez Prof. Dr. Murat \u00c7ekilmez oldu. \u00c7ekilmez, Tralleis\u2019te 2025 y\u0131l\u0131nda y\u00fcr\u00fct\u00fclen kaz\u0131 ve restorasyon \u00e7al\u0131\u015fmalar\u0131na dair ayr\u0131nt\u0131lar\u0131 kat\u0131l\u0131mc\u0131larla payla\u015ft\u0131. Prof. Dr. \u00c7ekilmez, \u00f6zellikle hamam-gymnasium kompleksinde devam eden kaz\u0131 \u00e7al\u0131\u015fmalar\u0131n\u0131 ve restorasyon s\u00fcrecini detayl\u0131 olarak anlat\u0131rken, Roma villalar\u0131 ve kilise alanlar\u0131nda y\u00fcr\u00fct\u00fclen ara\u015ft\u0131rmalara ili\u015fkin g\u00f6rselleri sunarak, Tralleis\u2019in tarihi de\u011ferlerini vurgulad\u0131. Etkinlik s\u0131ras\u0131nda, Tralleis antik kentinde ba\u015flat\u0131lan \u00e7evre d\u00fczenleme projesi kapsam\u0131nda kar\u015f\u0131lama merkezi, y\u00fcr\u00fcy\u00fc\u015f yollar\u0131 ve \u0131\u015f\u0131kland\u0131rma gibi d\u00fczenlemeleri de anlatan \u00c7ekilmez, kat\u0131l\u0131mc\u0131lar\u0131n sorular\u0131n\u0131 yan\u0131tlayarak Tralleis\u2019in ziyarete a\u00e7\u0131ld\u0131\u011f\u0131nda Ayd\u0131n\u2019a \u00f6nemli bir k\u00fclt\u00fcrel miras kazand\u0131raca\u011f\u0131n\u0131 vurgulad\u0131.<br \/>\n<br \/>S\u00f6yle\u015fi hakk\u0131nda a\u00e7\u0131klamalarda bulunan EKODOSD Ba\u015fkan\u0131 Bahattin S\u00fcr\u00fcc\u00fc; &#8220;Tralleis ziyarete a\u00e7\u0131ld\u0131ktan sonra Ayd\u0131n \u00e7ok \u00f6nemli bir \u00f6ren yeri daha kazanm\u0131\u015f olacak. Kentin i\u00e7inde say\u0131lan Tralleis antik kenti hem turizme hem de Ayd\u0131nl\u0131lara \u00f6nemli katk\u0131 yapacakt\u0131r. \u015eu anda Danimarka Kopenhag Milli M\u00fczesi\u2019nde oldu\u011fu bilinen  Tralleis\u2019li Seilikos\u2019un &#8220;\u00f6l\u00fcms\u00fcz an\u0131s\u0131n\u0131&#8221; simgeleyen, antik devirden g\u00fcn\u00fcm\u00fcze noksans\u0131z ula\u015fan tek m\u00fczik par\u00e7as\u0131n\u0131 kaydetti\u011fi i\u00e7in m\u00fczik tarihinde \u00e7ok \u00f6zel bir yere sahip olan Seilikos mezar yaz\u0131t\u0131 ve 100 y\u0131l\u0131 a\u015fk\u0131n bir s\u00fcredir \u0130stanbul Arkeoloji M\u00fczesi\u2019nde sergilenen Tralleis\u2019li gen\u00e7 sporcu Ephebos Heykeli\u2019nin bir g\u00fcn, do\u011fduklar\u0131 co\u011frafyaya Ayd\u0131n\u2019a getirilmesinin umudunu ta\u015f\u0131yoruz&#8221; dedi.<\/p>\n<p>S\u00f6yle\u015fi sonunda profesyonel turist rehberi Hakan Bah\u00e7ecio\u011flu, EKODOSD ad\u0131na Prof. Dr. \u00c7ekilmez\u2019e te\u015fekk\u00fcr belgesi takdim etti.<br \/><\/p>\n","protected":false},"excerpt":{"rendered":"<p>Ekosistemi Koruma ve Do\u011fa Sevenler Derne\u011fi\u2019nin (EKODOSD) s\u00f6yle\u015filerinde bu hafta Ayd\u0131n\u2019\u0131n ilk yerle\u015fim yerlerinden oldu\u011fu d\u00fc\u015f\u00fcn\u00fclen Tralleis Antik Kenti ve y\u00fcr\u00fct\u00fclen kaz\u0131 \u00e7al\u0131\u015fmalar\u0131 konu\u015fuldu. Ayd\u0131n\u2019da tarihin ve ekosistemin korunmas\u0131 ad\u0131na \u00f6nemli \u00e7al\u0131\u015fmalar y\u00fcr\u00fcten Ekosistemi Koruma ve Do\u011fa Sevenler Derne\u011fi (EKODOSD), \u2018\u00c7ar\u015famba S\u00f6yle\u015fileri\u2019ne aral\u0131ks\u0131z devam ediyor. Bu \u00e7er\u00e7evede d\u00fczenlenen s\u00f6yle\u015finin bu haftaki konusu &#8220;Tralleis Antik Kenti&#8221;&#8230;<\/p>\n","protected":false},"author":1,"featured_media":70986,"comment_status":"open","ping_status":"open","sticky":false,"template":"","format":"standard","meta":{"_crdt_document":"","footnotes":""},"categories":[1],"tags":[],"class_list":["post-70985","post","type-post","status-publish","format-standard","has-post-thumbnail","hentry","category-guncel"],"_links":{"self":[{"href":"https:\/\/www.egemtv.com\/index.php?rest_route=\/wp\/v2\/posts\/70985","targetHints":{"allow":["GET"]}}],"collection":[{"href":"https:\/\/www.egemtv.com\/index.php?rest_route=\/wp\/v2\/posts"}],"about":[{"href":"https:\/\/www.egemtv.com\/index.php?rest_route=\/wp\/v2\/types\/post"}],"author":[{"embeddable":true,"href":"https:\/\/www.egemtv.com\/index.php?rest_route=\/wp\/v2\/users\/1"}],"replies":[{"embeddable":true,"href":"https:\/\/www.egemtv.com\/index.php?rest_route=%2Fwp%2Fv2%2Fcomments&post=70985"}],"version-history":[{"count":1,"href":"https:\/\/www.egemtv.com\/index.php?rest_route=\/wp\/v2\/posts\/70985\/revisions"}],"predecessor-version":[{"id":70987,"href":"https:\/\/www.egemtv.com\/index.php?rest_route=\/wp\/v2\/posts\/70985\/revisions\/70987"}],"wp:featuredmedia":[{"embeddable":true,"href":"https:\/\/www.egemtv.com\/index.php?rest_route=\/wp\/v2\/media\/70986"}],"wp:attachment":[{"href":"https:\/\/www.egemtv.com\/index.php?rest_route=%2Fwp%2Fv2%2Fmedia&parent=70985"}],"wp:term":[{"taxonomy":"category","embeddable":true,"href":"https:\/\/www.egemtv.com\/index.php?rest_route=%2Fwp%2Fv2%2Fcategories&post=70985"},{"taxonomy":"post_tag","embeddable":true,"href":"https:\/\/www.egemtv.com\/index.php?rest_route=%2Fwp%2Fv2%2Ftags&post=70985"}],"curies":[{"name":"wp","href":"https:\/\/api.w.org\/{rel}","templated":true}]}}