{"id":70982,"date":"2025-11-29T13:37:04","date_gmt":"2025-11-29T10:37:04","guid":{"rendered":"https:\/\/www.egemtv.com\/?p=70982"},"modified":"2025-11-29T13:37:05","modified_gmt":"2025-11-29T10:37:05","slug":"kutahya-belediyesinden-cevre-farkindaligi-etkinligi","status":"publish","type":"post","link":"https:\/\/www.egemtv.com\/?p=70982","title":{"rendered":"K\u00fctahya Belediyesi\u2019nden \u00e7evre fark\u0131ndal\u0131\u011f\u0131 etkinli\u011fi"},"content":{"rendered":"<p>K\u00fctahya Belediyesi, \u00e7evre bilincini art\u0131rmak ve s\u00fcrd\u00fcr\u00fclebilir bir gelecek i\u00e7in fark\u0131ndal\u0131k olu\u015fturmak amac\u0131yla kurumlarla i\u015f birli\u011fi i\u00e7inde \u00e7e\u015fitli etkinlikler d\u00fczenlemeyi s\u00fcrd\u00fcr\u00fcyor.<br \/>\n<br \/>Bu kapsamda, Belediye \u0130klim De\u011fi\u015fikli\u011fi ve S\u0131f\u0131r At\u0131k M\u00fcd\u00fcrl\u00fc\u011f\u00fc ile Dumlup\u0131nar \u00dcniversitesi (DP\u00dc) E\u011fitim Fak\u00fcltesi G\u00f6n\u00fcll\u00fcl\u00fck Dersi \u00f6\u011frencileri taraf\u0131ndan \u00c7aml\u0131ca Mesire Alan\u0131\u2019nda \u00e7evre temizli\u011fi ve do\u011fa y\u00fcr\u00fcy\u00fc\u015f\u00fc etkinli\u011fi ger\u00e7ekle\u015ftirildi. Etkinlikte, Do\u00e7. Dr. Sibel I\u015f\u0131k taraf\u0131ndan \u00c7aml\u0131ca Mevkii\u2019nin ekosistem \u00f6zellikleri hakk\u0131nda bilgilendirmede bulunuldu. Programa kat\u0131lan \u00f6\u011frenciler, belediye personeli ve vatanda\u015flar; do\u011fan\u0131n korunmas\u0131n\u0131n \u00f6nemi, iklim de\u011fi\u015fikli\u011finin \u00e7evresel etkileri ve s\u0131f\u0131r at\u0131k bilincinin g\u00fcnl\u00fck ya\u015fama yans\u0131malar\u0131 gibi konularda kapsaml\u0131 bilgiler ald\u0131.<br \/>\n<br \/>K\u00fctahya Belediyesi, gen\u00e7lerin \u00e7evre duyarl\u0131l\u0131\u011f\u0131n\u0131n art\u0131r\u0131lmas\u0131na y\u00f6nelik fark\u0131ndal\u0131k \u00e7al\u0131\u015fmalar\u0131n\u0131 desteklemeye devam edece\u011fini bildirdi.<br \/><\/p>\n","protected":false},"excerpt":{"rendered":"<p>K\u00fctahya Belediyesi, \u00e7evre bilincini art\u0131rmak ve s\u00fcrd\u00fcr\u00fclebilir bir gelecek i\u00e7in fark\u0131ndal\u0131k olu\u015fturmak amac\u0131yla kurumlarla i\u015f birli\u011fi i\u00e7inde \u00e7e\u015fitli etkinlikler d\u00fczenlemeyi s\u00fcrd\u00fcr\u00fcyor. Bu kapsamda, Belediye \u0130klim De\u011fi\u015fikli\u011fi ve S\u0131f\u0131r At\u0131k M\u00fcd\u00fcrl\u00fc\u011f\u00fc ile Dumlup\u0131nar \u00dcniversitesi (DP\u00dc) E\u011fitim Fak\u00fcltesi G\u00f6n\u00fcll\u00fcl\u00fck Dersi \u00f6\u011frencileri taraf\u0131ndan \u00c7aml\u0131ca Mesire Alan\u0131\u2019nda \u00e7evre temizli\u011fi ve do\u011fa y\u00fcr\u00fcy\u00fc\u015f\u00fc etkinli\u011fi ger\u00e7ekle\u015ftirildi. Etkinlikte, Do\u00e7. Dr. Sibel I\u015f\u0131k&#8230;<\/p>\n","protected":false},"author":1,"featured_media":70983,"comment_status":"open","ping_status":"open","sticky":false,"template":"","format":"standard","meta":{"_crdt_document":"","footnotes":""},"categories":[123],"tags":[],"class_list":["post-70982","post","type-post","status-publish","format-standard","has-post-thumbnail","hentry","category-gundem"],"_links":{"self":[{"href":"https:\/\/www.egemtv.com\/index.php?rest_route=\/wp\/v2\/posts\/70982","targetHints":{"allow":["GET"]}}],"collection":[{"href":"https:\/\/www.egemtv.com\/index.php?rest_route=\/wp\/v2\/posts"}],"about":[{"href":"https:\/\/www.egemtv.com\/index.php?rest_route=\/wp\/v2\/types\/post"}],"author":[{"embeddable":true,"href":"https:\/\/www.egemtv.com\/index.php?rest_route=\/wp\/v2\/users\/1"}],"replies":[{"embeddable":true,"href":"https:\/\/www.egemtv.com\/index.php?rest_route=%2Fwp%2Fv2%2Fcomments&post=70982"}],"version-history":[{"count":1,"href":"https:\/\/www.egemtv.com\/index.php?rest_route=\/wp\/v2\/posts\/70982\/revisions"}],"predecessor-version":[{"id":70984,"href":"https:\/\/www.egemtv.com\/index.php?rest_route=\/wp\/v2\/posts\/70982\/revisions\/70984"}],"wp:featuredmedia":[{"embeddable":true,"href":"https:\/\/www.egemtv.com\/index.php?rest_route=\/wp\/v2\/media\/70983"}],"wp:attachment":[{"href":"https:\/\/www.egemtv.com\/index.php?rest_route=%2Fwp%2Fv2%2Fmedia&parent=70982"}],"wp:term":[{"taxonomy":"category","embeddable":true,"href":"https:\/\/www.egemtv.com\/index.php?rest_route=%2Fwp%2Fv2%2Fcategories&post=70982"},{"taxonomy":"post_tag","embeddable":true,"href":"https:\/\/www.egemtv.com\/index.php?rest_route=%2Fwp%2Fv2%2Ftags&post=70982"}],"curies":[{"name":"wp","href":"https:\/\/api.w.org\/{rel}","templated":true}]}}