{"id":70979,"date":"2025-11-29T13:37:03","date_gmt":"2025-11-29T10:37:03","guid":{"rendered":"https:\/\/www.egemtv.com\/?p=70979"},"modified":"2025-11-29T13:37:04","modified_gmt":"2025-11-29T10:37:04","slug":"muski-ekipleri-yagmur-mesaisinde","status":"publish","type":"post","link":"https:\/\/www.egemtv.com\/?p=70979","title":{"rendered":"MUSK\u0130 ekipleri ya\u011fmur mesaisinde"},"content":{"rendered":"<p>Meteoroloji Genel M\u00fcd\u00fcrl\u00fc\u011f\u00fc taraf\u0131ndan Mu\u011fla i\u00e7in yap\u0131lan sa\u011fanak ya\u011f\u0131\u015f uyar\u0131s\u0131n\u0131n ard\u0131ndan haz\u0131rl\u0131klar\u0131na ba\u015flayan Mu\u011fla B\u00fcy\u00fck\u015fehir Belediyesi Su ve Kanalizasyon \u0130\u015fleri (MUSK\u0130) Genel M\u00fcd\u00fcrl\u00fc\u011f\u00fcne ba\u011fl\u0131 ekipler ya\u0131\u0131\u015f\u0131n ba\u015flam\u0131\u015f\u0131ndan itibaren ya\u011fmur suyu nedeniyle s\u00fcr\u00fcklenen ve t\u0131kanan mazgallar\u0131 a\u00e7ma \u00e7al\u0131\u015fmas\u0131n\u0131 gece boyunca s\u00fcrd\u00fcrd\u00fc.<br \/>\n<br \/>MUSK\u0130 Genel M\u00fcd\u00fcrl\u00fc\u011f\u00fcnden yap\u0131lan a\u00e7\u0131klamada, &#8220;Gece saatlerinden itibaren ilimiz genelinde ba\u015flayan ya\u011f\u0131\u015flar etkisini s\u00fcrd\u00fcrmekte olup ilerleyen saatlerde artarak devam etmesi beklenmektedir. Ekiplerimiz, il genelinde a\u011fa\u00e7 yapraklar\u0131 ba\u015fta olmak \u00fczere yabanc\u0131 maddelerden nedeniyle t\u0131kanan kanalizasyon ve ya\u011fmur suyu hatlar\u0131na m\u00fcdahale etmektedir. Ekiplerimiz mazgal ve \u0131zgara temizlikleri ile dere a\u011f\u0131zlar\u0131n\u0131n a\u00e7\u0131larak su ak\u0131\u015f\u0131n\u0131n sa\u011flanmas\u0131 i\u00e7in sahada aktif olarak \u00e7al\u0131\u015fmalar\u0131n\u0131 s\u00fcrd\u00fcrmektedir. Vatanda\u015flar\u0131m\u0131z\u0131n can ve mal g\u00fcvenli\u011fi i\u00e7in gerekli t\u00fcm tedbirler al\u0131n\u0131rken, ya\u015fanabilecek olumsuzluklara kar\u015f\u0131 7\/24 g\u00f6rev ba\u015f\u0131nday\u0131z. Herhangi bir olumsuzluk durumunda 185 numaral\u0131 \u00e7a\u011fr\u0131 merkezimiz \u00fczerinden bizlere ula\u015fabilirsiniz&#8221; denildi.<br \/><\/p>\n","protected":false},"excerpt":{"rendered":"<p>Meteoroloji Genel M\u00fcd\u00fcrl\u00fc\u011f\u00fc taraf\u0131ndan Mu\u011fla i\u00e7in yap\u0131lan sa\u011fanak ya\u011f\u0131\u015f uyar\u0131s\u0131n\u0131n ard\u0131ndan haz\u0131rl\u0131klar\u0131na ba\u015flayan Mu\u011fla B\u00fcy\u00fck\u015fehir Belediyesi Su ve Kanalizasyon \u0130\u015fleri (MUSK\u0130) Genel M\u00fcd\u00fcrl\u00fc\u011f\u00fcne ba\u011fl\u0131 ekipler ya\u0131\u0131\u015f\u0131n ba\u015flam\u0131\u015f\u0131ndan itibaren ya\u011fmur suyu nedeniyle s\u00fcr\u00fcklenen ve t\u0131kanan mazgallar\u0131 a\u00e7ma \u00e7al\u0131\u015fmas\u0131n\u0131 gece boyunca s\u00fcrd\u00fcrd\u00fc. MUSK\u0130 Genel M\u00fcd\u00fcrl\u00fc\u011f\u00fcnden yap\u0131lan a\u00e7\u0131klamada, &#8220;Gece saatlerinden itibaren ilimiz genelinde ba\u015flayan ya\u011f\u0131\u015flar etkisini s\u00fcrd\u00fcrmekte olup&#8230;<\/p>\n","protected":false},"author":1,"featured_media":70980,"comment_status":"open","ping_status":"open","sticky":false,"template":"","format":"standard","meta":{"_crdt_document":"","footnotes":""},"categories":[1],"tags":[],"class_list":["post-70979","post","type-post","status-publish","format-standard","has-post-thumbnail","hentry","category-guncel"],"_links":{"self":[{"href":"https:\/\/www.egemtv.com\/index.php?rest_route=\/wp\/v2\/posts\/70979","targetHints":{"allow":["GET"]}}],"collection":[{"href":"https:\/\/www.egemtv.com\/index.php?rest_route=\/wp\/v2\/posts"}],"about":[{"href":"https:\/\/www.egemtv.com\/index.php?rest_route=\/wp\/v2\/types\/post"}],"author":[{"embeddable":true,"href":"https:\/\/www.egemtv.com\/index.php?rest_route=\/wp\/v2\/users\/1"}],"replies":[{"embeddable":true,"href":"https:\/\/www.egemtv.com\/index.php?rest_route=%2Fwp%2Fv2%2Fcomments&post=70979"}],"version-history":[{"count":1,"href":"https:\/\/www.egemtv.com\/index.php?rest_route=\/wp\/v2\/posts\/70979\/revisions"}],"predecessor-version":[{"id":70981,"href":"https:\/\/www.egemtv.com\/index.php?rest_route=\/wp\/v2\/posts\/70979\/revisions\/70981"}],"wp:featuredmedia":[{"embeddable":true,"href":"https:\/\/www.egemtv.com\/index.php?rest_route=\/wp\/v2\/media\/70980"}],"wp:attachment":[{"href":"https:\/\/www.egemtv.com\/index.php?rest_route=%2Fwp%2Fv2%2Fmedia&parent=70979"}],"wp:term":[{"taxonomy":"category","embeddable":true,"href":"https:\/\/www.egemtv.com\/index.php?rest_route=%2Fwp%2Fv2%2Fcategories&post=70979"},{"taxonomy":"post_tag","embeddable":true,"href":"https:\/\/www.egemtv.com\/index.php?rest_route=%2Fwp%2Fv2%2Ftags&post=70979"}],"curies":[{"name":"wp","href":"https:\/\/api.w.org\/{rel}","templated":true}]}}