{"id":70976,"date":"2025-11-29T13:37:02","date_gmt":"2025-11-29T10:37:02","guid":{"rendered":"https:\/\/www.egemtv.com\/?p=70976"},"modified":"2025-11-29T13:37:03","modified_gmt":"2025-11-29T10:37:03","slug":"emette-sahipli-kedi-ve-kopeklere-mikrocip-ve-kuduz-asisi-uygulamasi","status":"publish","type":"post","link":"https:\/\/www.egemtv.com\/?p=70976","title":{"rendered":"Emet\u2019te sahipli kedi ve k\u00f6peklere mikro\u00e7ip ve kuduz a\u015f\u0131s\u0131 uygulamas\u0131"},"content":{"rendered":"<p>K\u00fctahya\u2019n\u0131n Emet \u0130l\u00e7e Tar\u0131m ve Orman M\u00fcd\u00fcrl\u00fc\u011f\u00fc ekipleri, hayvan sa\u011fl\u0131\u011f\u0131n\u0131n g\u00fc\u00e7lendirilmesi ve g\u00fcvenli\u011finin art\u0131r\u0131lmas\u0131 amac\u0131yla G\u00fcnl\u00fcce k\u00f6y\u00fcnde sahipli kedi ve k\u00f6peklere mikro\u00e7ip ile kimliklendirme ve kuduz a\u015f\u0131s\u0131 uygulamas\u0131 ger\u00e7ekle\u015ftirdi.<br \/>\n<br \/>M\u00fcd\u00fcrl\u00fck b\u00fcnyesinde g\u00f6revli veteriner hekimler taraf\u0131ndan yap\u0131lan uygulamada, hayvanlar\u0131n kay\u0131t alt\u0131na al\u0131nmas\u0131 i\u00e7in mikro\u00e7ip tak\u0131l\u0131rken ayn\u0131 zamanda kuduz hastal\u0131\u011f\u0131na kar\u015f\u0131 koruyucu a\u015f\u0131lama yap\u0131ld\u0131.<br \/>\n<br \/>\u0130l\u00e7e Tar\u0131m ve Orman M\u00fcd\u00fcrl\u00fc\u011f\u00fc yetkilileri, hem hayvan sa\u011fl\u0131\u011f\u0131n\u0131n korunmas\u0131 hem de bula\u015f\u0131c\u0131 hastal\u0131klar\u0131n \u00f6nlenmesi i\u00e7in \u00e7al\u0131\u015fmalar\u0131n aral\u0131ks\u0131z devam edece\u011fini belirtti.<br \/><\/p>\n","protected":false},"excerpt":{"rendered":"<p>K\u00fctahya\u2019n\u0131n Emet \u0130l\u00e7e Tar\u0131m ve Orman M\u00fcd\u00fcrl\u00fc\u011f\u00fc ekipleri, hayvan sa\u011fl\u0131\u011f\u0131n\u0131n g\u00fc\u00e7lendirilmesi ve g\u00fcvenli\u011finin art\u0131r\u0131lmas\u0131 amac\u0131yla G\u00fcnl\u00fcce k\u00f6y\u00fcnde sahipli kedi ve k\u00f6peklere mikro\u00e7ip ile kimliklendirme ve kuduz a\u015f\u0131s\u0131 uygulamas\u0131 ger\u00e7ekle\u015ftirdi. M\u00fcd\u00fcrl\u00fck b\u00fcnyesinde g\u00f6revli veteriner hekimler taraf\u0131ndan yap\u0131lan uygulamada, hayvanlar\u0131n kay\u0131t alt\u0131na al\u0131nmas\u0131 i\u00e7in mikro\u00e7ip tak\u0131l\u0131rken ayn\u0131 zamanda kuduz hastal\u0131\u011f\u0131na kar\u015f\u0131 koruyucu a\u015f\u0131lama yap\u0131ld\u0131. \u0130l\u00e7e Tar\u0131m ve&#8230;<\/p>\n","protected":false},"author":1,"featured_media":70977,"comment_status":"open","ping_status":"open","sticky":false,"template":"","format":"standard","meta":{"_crdt_document":"","footnotes":""},"categories":[2],"tags":[],"class_list":["post-70976","post","type-post","status-publish","format-standard","has-post-thumbnail","hentry","category-saglik"],"_links":{"self":[{"href":"https:\/\/www.egemtv.com\/index.php?rest_route=\/wp\/v2\/posts\/70976","targetHints":{"allow":["GET"]}}],"collection":[{"href":"https:\/\/www.egemtv.com\/index.php?rest_route=\/wp\/v2\/posts"}],"about":[{"href":"https:\/\/www.egemtv.com\/index.php?rest_route=\/wp\/v2\/types\/post"}],"author":[{"embeddable":true,"href":"https:\/\/www.egemtv.com\/index.php?rest_route=\/wp\/v2\/users\/1"}],"replies":[{"embeddable":true,"href":"https:\/\/www.egemtv.com\/index.php?rest_route=%2Fwp%2Fv2%2Fcomments&post=70976"}],"version-history":[{"count":1,"href":"https:\/\/www.egemtv.com\/index.php?rest_route=\/wp\/v2\/posts\/70976\/revisions"}],"predecessor-version":[{"id":70978,"href":"https:\/\/www.egemtv.com\/index.php?rest_route=\/wp\/v2\/posts\/70976\/revisions\/70978"}],"wp:featuredmedia":[{"embeddable":true,"href":"https:\/\/www.egemtv.com\/index.php?rest_route=\/wp\/v2\/media\/70977"}],"wp:attachment":[{"href":"https:\/\/www.egemtv.com\/index.php?rest_route=%2Fwp%2Fv2%2Fmedia&parent=70976"}],"wp:term":[{"taxonomy":"category","embeddable":true,"href":"https:\/\/www.egemtv.com\/index.php?rest_route=%2Fwp%2Fv2%2Fcategories&post=70976"},{"taxonomy":"post_tag","embeddable":true,"href":"https:\/\/www.egemtv.com\/index.php?rest_route=%2Fwp%2Fv2%2Ftags&post=70976"}],"curies":[{"name":"wp","href":"https:\/\/api.w.org\/{rel}","templated":true}]}}