{"id":70973,"date":"2025-11-29T13:14:56","date_gmt":"2025-11-29T10:14:56","guid":{"rendered":"https:\/\/www.egemtv.com\/?p=70973"},"modified":"2025-11-29T13:14:57","modified_gmt":"2025-11-29T10:14:57","slug":"adu-arastirma-universitesi-vizyonu-dogrultusunda-kampusunu-yeniliyor","status":"publish","type":"post","link":"https:\/\/www.egemtv.com\/?p=70973","title":{"rendered":"AD\u00dc, &#8220;Ara\u015ft\u0131rma \u00dcniversitesi&#8221; vizyonu do\u011frultusunda kamp\u00fcs\u00fcn\u00fc yeniliyor"},"content":{"rendered":"<p>Ayd\u0131n Adnan Menderes \u00dcniversitesi (AD\u00dc), \u2019Ara\u015ft\u0131rma \u00fcniversitesi\u2019 vizyonu kapsam\u0131nda kamp\u00fcs yenileme \u00e7al\u0131\u015fmalar\u0131n\u0131 ger\u00e7ekle\u015ftirirken, yeni kantin, poliklinik, laboratuvar ve sosyal alanlarla \u00f6\u011frenciler ve personel i\u00e7in modern ya\u015fam alanlar\u0131 haz\u0131rlan\u0131yor.<br \/>\n<br \/>Ayd\u0131n Adnan Menderes \u00dcniversitesi (AD\u00dc), &#8220;Ara\u015ft\u0131rma \u00dcniversitesi&#8221; vizyonu do\u011frultusunda \u00f6\u011frencilerine ve personeline daha nitelikli bir kamp\u00fcs ya\u015fam\u0131 sunmak i\u00e7in ba\u015flatt\u0131\u011f\u0131 iyile\u015ftirme ve yat\u0131r\u0131m \u00e7al\u0131\u015fmalar\u0131n\u0131 aral\u0131ks\u0131z s\u00fcrd\u00fcr\u00fcyor. \u00dcniversite genelinde yap\u0131lan \u00e7al\u0131\u015fmalar kapsam\u0131nda, 365 g\u00fcn 24 saat hizmet veren acil kantinin kapasitesinin yetersiz kalmas\u0131 \u00fczerine yeni bir kantin projesi hayata ge\u00e7irildi. 200 metrekare kapal\u0131 oturma alan\u0131na ve toplam 250 metrekare kullan\u0131m alan\u0131na sahip olacak yeni acil kafeterya, ayn\u0131 anda yakla\u015f\u0131k 200 ki\u015fiye hizmet verebilecek. Projenin tamamlanmas\u0131yla birlikte hasta ve yak\u0131nlar\u0131n\u0131n yan\u0131 s\u0131ra sa\u011fl\u0131k \u00e7al\u0131\u015fanlar\u0131 da daha konforlu bir ortamda hizmet alabilecek. AD\u00dc\u2019n\u00fcn Konukevi ve Sosyal Tesislerinde y\u00fcr\u00fct\u00fclen iyile\u015ftirme \u00e7al\u0131\u015fmalar\u0131 kapsam\u0131nda oda klimalar\u0131 yenilenirken, konukevi d\u0131\u015f cephe tadilatlar\u0131 da devam ediyor. Merkez kamp\u00fcs yerle\u015fkesinde in\u015fa edilen mescit ile \u00f6\u011frenciler ve personel i\u00e7in modern bir ibadet alan\u0131 olu\u015fturulmas\u0131 hedefleniyor. \u00dcniversite Hastanesi yerle\u015fkesinde yap\u0131lan Yeni Poliklinik ve Laboratuvar Binas\u0131 \u00e7al\u0131\u015fmalar\u0131 da h\u0131zla ilerliyor. 3.500 metrekare kapal\u0131 alana sahip olacak bina, alt katta 55 odal\u0131 polikliniklere, \u00fcst katta ise biyokimya ve mikrobiyoloji laboratuvarlar\u0131na ev sahipli\u011fi yapacak. Yeni binan\u0131n hizmete girmesiyle birlikte hastanenin hizmet kapasitesi artacak ve laboratuvar s\u00fcre\u00e7leri daha h\u0131zl\u0131 y\u00f6netilebilecek.<br \/>\n<br \/>Ayr\u0131ca Atat\u00fcrk Kongre Merkezi (AKM) d\u0131\u015f cephesinin yenilenmesi, bina \u00fczerindeki AD\u00dc logosunun ayd\u0131nlat\u0131lmas\u0131 ve &#8220;I Love AD\u00dc&#8221; tabelas\u0131n\u0131n LED \u0131\u015f\u0131klarla donat\u0131lmas\u0131 tamamland\u0131. Eski \u00d6\u011frenci Sosyal Tesisleri ile M\u00fchendislik Fak\u00fcltesi binalar\u0131nda tadilat \u00e7al\u0131\u015fmalar\u0131 y\u00fcr\u00fct\u00fcl\u00fcrken, merkez kamp\u00fcsteki trafik i\u015faretleri yenileniyor. Elektrik, s\u0131hhi tesisat, iklimlendirme, yol ve \u00e7evre ayd\u0131nlatmalar\u0131 ile bak\u0131m-onar\u0131m faaliyetleri de planl\u0131 \u015fekilde devam ediyor. T\u00d6MER binas\u0131nda ger\u00e7ekle\u015ftirilen korkuluk tamirat\u0131 ise tamamland\u0131.<br \/>\n<br \/>AD\u00dc Rekt\u00f6r\u00fc Prof. Dr. B\u00fclent Kent, y\u00fcr\u00fct\u00fclen t\u00fcm \u00e7al\u0131\u015fmalar\u0131n \u00fcniversitenin &#8220;Ara\u015ft\u0131rma \u00dcniversitesi&#8221; vizyonunu destekledi\u011fini, \u00f6\u011frenci odakl\u0131 ve s\u00fcrd\u00fcr\u00fclebilir bir kamp\u00fcs ya\u015fam\u0131 olu\u015fturmay\u0131 hedefledi\u011fini vurgulad\u0131. Kent, yat\u0131r\u0131mlar\u0131n kararl\u0131l\u0131kla s\u00fcrece\u011fini de ifade etti.<br \/><\/p>\n","protected":false},"excerpt":{"rendered":"<p>Ayd\u0131n Adnan Menderes \u00dcniversitesi (AD\u00dc), \u2019Ara\u015ft\u0131rma \u00fcniversitesi\u2019 vizyonu kapsam\u0131nda kamp\u00fcs yenileme \u00e7al\u0131\u015fmalar\u0131n\u0131 ger\u00e7ekle\u015ftirirken, yeni kantin, poliklinik, laboratuvar ve sosyal alanlarla \u00f6\u011frenciler ve personel i\u00e7in modern ya\u015fam alanlar\u0131 haz\u0131rlan\u0131yor. Ayd\u0131n Adnan Menderes \u00dcniversitesi (AD\u00dc), &#8220;Ara\u015ft\u0131rma \u00dcniversitesi&#8221; vizyonu do\u011frultusunda \u00f6\u011frencilerine ve personeline daha nitelikli bir kamp\u00fcs ya\u015fam\u0131 sunmak i\u00e7in ba\u015flatt\u0131\u011f\u0131 iyile\u015ftirme ve yat\u0131r\u0131m \u00e7al\u0131\u015fmalar\u0131n\u0131 aral\u0131ks\u0131z s\u00fcrd\u00fcr\u00fcyor. \u00dcniversite&#8230;<\/p>\n","protected":false},"author":1,"featured_media":70974,"comment_status":"open","ping_status":"open","sticky":false,"template":"","format":"standard","meta":{"_crdt_document":"","footnotes":""},"categories":[1],"tags":[],"class_list":["post-70973","post","type-post","status-publish","format-standard","has-post-thumbnail","hentry","category-guncel"],"_links":{"self":[{"href":"https:\/\/www.egemtv.com\/index.php?rest_route=\/wp\/v2\/posts\/70973","targetHints":{"allow":["GET"]}}],"collection":[{"href":"https:\/\/www.egemtv.com\/index.php?rest_route=\/wp\/v2\/posts"}],"about":[{"href":"https:\/\/www.egemtv.com\/index.php?rest_route=\/wp\/v2\/types\/post"}],"author":[{"embeddable":true,"href":"https:\/\/www.egemtv.com\/index.php?rest_route=\/wp\/v2\/users\/1"}],"replies":[{"embeddable":true,"href":"https:\/\/www.egemtv.com\/index.php?rest_route=%2Fwp%2Fv2%2Fcomments&post=70973"}],"version-history":[{"count":1,"href":"https:\/\/www.egemtv.com\/index.php?rest_route=\/wp\/v2\/posts\/70973\/revisions"}],"predecessor-version":[{"id":70975,"href":"https:\/\/www.egemtv.com\/index.php?rest_route=\/wp\/v2\/posts\/70973\/revisions\/70975"}],"wp:featuredmedia":[{"embeddable":true,"href":"https:\/\/www.egemtv.com\/index.php?rest_route=\/wp\/v2\/media\/70974"}],"wp:attachment":[{"href":"https:\/\/www.egemtv.com\/index.php?rest_route=%2Fwp%2Fv2%2Fmedia&parent=70973"}],"wp:term":[{"taxonomy":"category","embeddable":true,"href":"https:\/\/www.egemtv.com\/index.php?rest_route=%2Fwp%2Fv2%2Fcategories&post=70973"},{"taxonomy":"post_tag","embeddable":true,"href":"https:\/\/www.egemtv.com\/index.php?rest_route=%2Fwp%2Fv2%2Ftags&post=70973"}],"curies":[{"name":"wp","href":"https:\/\/api.w.org\/{rel}","templated":true}]}}