{"id":70970,"date":"2025-11-29T13:14:55","date_gmt":"2025-11-29T10:14:55","guid":{"rendered":"https:\/\/www.egemtv.com\/?p=70970"},"modified":"2025-11-29T13:14:56","modified_gmt":"2025-11-29T10:14:56","slug":"buyuksehirden-yatagan-hacibayramlara-29-milyon-tllik-yatirim","status":"publish","type":"post","link":"https:\/\/www.egemtv.com\/?p=70970","title":{"rendered":"B\u00fcy\u00fck\u015fehir\u2019den Yata\u011fan Hac\u0131bayramlar\u2019a 29 Milyon TL\u2019lik Yat\u0131r\u0131m"},"content":{"rendered":"<p>Mu\u011fla B\u00fcy\u00fck\u015fehir Belediyesi, Yata\u011fan\u2019\u0131n Hac\u0131bayramlar Mahallesi\u2019nde \u00f6zellikle ya\u011f\u0131\u015fl\u0131 d\u00f6nemlerde zemin \u00e7\u00f6kmesi ya\u015fanan Delice \u00c7ay\u0131 \u00fczerinde 29 milyon 352 bin liral\u0131k yat\u0131r\u0131mla ta\u015f istinat duvar\u0131 yap\u0131m\u0131na ba\u015flad\u0131.<br \/>\n<br \/>Mu\u011fla B\u00fcy\u00fck\u015fehir Belediyesi \u00e7al\u0131\u015fmalar kapsam\u0131nda; Hac\u0131bayramlar Mahallesi\u2019nde bulunan Delice \u00c7ay\u0131 \u00fczerinde toplam 400 metre uzunlu\u011fundaki ta\u015f istinat duvar\u0131 yap\u0131m\u0131n\u0131n 300 metrelik b\u00f6l\u00fcm\u00fcn\u00fc tamamlad\u0131.<br \/>\n<br \/>Yata\u011fan Hac\u0131bayramlar Mahalle Muhtar\u0131 \u0130lhan Genek, &#8220;\u00d6zellikle ya\u011f\u0131\u015flar\u0131n ard\u0131ndan duvarlar\u0131n \u00e7\u00f6kmesinden dolay\u0131 istinat duvar\u0131 yap\u0131lmas\u0131na ba\u015flanm\u0131\u015ft\u0131r. Ekipleri \u00e7al\u0131\u015fmalar\u0131na h\u0131zla devam etmektedir. B\u00f6lgemiz daha g\u00fcvenli hale gelmi\u015ftir. Mu\u011fla B\u00fcy\u00fck\u015fehir Belediye Ba\u015fkan\u0131m\u0131z Ahmet Aras\u2019a taleplerimizi kar\u015f\u0131lad\u0131\u011f\u0131ndan dolay\u0131 te\u015fekk\u00fcr ediyoruz&#8221; dedi.<br \/>\n<br \/>MBB Fen \u0130\u015fleri Dairesi Ba\u015fkanl\u0131\u011f\u0131\u2019nda g\u00f6revli \u0130n\u015faat M\u00fchendisi Burak \u00d6nsel, &#8220;Mu\u011fla B\u00fcy\u00fck\u015fehir Belediyesi olarak vatanda\u015flar\u0131m\u0131zdan gelen talepler do\u011frultusunda, Yata\u011fan \u0130l\u00e7emizin Hac\u0131bayramlar Mahallesi\u2019nde toplam 29 milyon 352 bin TL\u2019lik yat\u0131r\u0131mla, \u00f6zellikle ya\u011f\u0131\u015fl\u0131 d\u00f6nemlerde ya\u015fanan toprak kaymalar\u0131n\u0131 \u00f6nlemek i\u00e7in dere \u0131slah \u00e7al\u0131\u015fmalar\u0131m\u0131za ba\u015flad\u0131k. \u00c7al\u0131\u015fmalar kapsam\u0131nda Hac\u0131bayramlar Mahallesi\u2019nde bulunan Delice \u00c7ay\u0131 \u00fczerinde toplam 400 metre uzunlu\u011fundaki ta -istinat duvar yap\u0131m\u0131n\u0131n 300 metrelik b\u00f6l\u00fcm\u00fcn\u00fc tamamlad\u0131k&#8221; dedi.<br \/>\n<br \/>K\u0131y\u0131 Ege Belediyeler Birli\u011fi ve Mu\u011fla B\u00fcy\u00fck\u015fehir Belediye Ba\u015fkan\u0131 Ahmet Aras, Yata\u011fan Hac\u0131bayramlar Mahallesinde ya\u015fanan zemin \u00e7\u00f6kmeleri hem b\u00f6lgede ya\u015fayan yurtta\u015flar\u0131 endi\u015felendirdi\u011fini hem de g\u00fcnl\u00fck ya\u015fam\u0131 olumsuz etkiledi\u011fini belirterek, Delice \u00c7ay\u0131 \u00fczerinde ger\u00e7ekle\u015ftirilen \u00e7al\u0131\u015fmalarla hem altyap\u0131n\u0131n g\u00fc\u00e7lendirildi\u011fini, hem de b\u00f6lgenin gelece\u011fini g\u00fcvence alt\u0131na ald\u0131klar\u0131n\u0131 a\u00e7\u0131klad\u0131.<br \/><\/p>\n","protected":false},"excerpt":{"rendered":"<p>Mu\u011fla B\u00fcy\u00fck\u015fehir Belediyesi, Yata\u011fan\u2019\u0131n Hac\u0131bayramlar Mahallesi\u2019nde \u00f6zellikle ya\u011f\u0131\u015fl\u0131 d\u00f6nemlerde zemin \u00e7\u00f6kmesi ya\u015fanan Delice \u00c7ay\u0131 \u00fczerinde 29 milyon 352 bin liral\u0131k yat\u0131r\u0131mla ta\u015f istinat duvar\u0131 yap\u0131m\u0131na ba\u015flad\u0131. Mu\u011fla B\u00fcy\u00fck\u015fehir Belediyesi \u00e7al\u0131\u015fmalar kapsam\u0131nda; Hac\u0131bayramlar Mahallesi\u2019nde bulunan Delice \u00c7ay\u0131 \u00fczerinde toplam 400 metre uzunlu\u011fundaki ta\u015f istinat duvar\u0131 yap\u0131m\u0131n\u0131n 300 metrelik b\u00f6l\u00fcm\u00fcn\u00fc tamamlad\u0131. Yata\u011fan Hac\u0131bayramlar Mahalle Muhtar\u0131 \u0130lhan Genek,&#8230;<\/p>\n","protected":false},"author":1,"featured_media":70971,"comment_status":"open","ping_status":"open","sticky":false,"template":"","format":"standard","meta":{"_crdt_document":"","footnotes":""},"categories":[125],"tags":[],"class_list":["post-70970","post","type-post","status-publish","format-standard","has-post-thumbnail","hentry","category-ekonomi"],"_links":{"self":[{"href":"https:\/\/www.egemtv.com\/index.php?rest_route=\/wp\/v2\/posts\/70970","targetHints":{"allow":["GET"]}}],"collection":[{"href":"https:\/\/www.egemtv.com\/index.php?rest_route=\/wp\/v2\/posts"}],"about":[{"href":"https:\/\/www.egemtv.com\/index.php?rest_route=\/wp\/v2\/types\/post"}],"author":[{"embeddable":true,"href":"https:\/\/www.egemtv.com\/index.php?rest_route=\/wp\/v2\/users\/1"}],"replies":[{"embeddable":true,"href":"https:\/\/www.egemtv.com\/index.php?rest_route=%2Fwp%2Fv2%2Fcomments&post=70970"}],"version-history":[{"count":1,"href":"https:\/\/www.egemtv.com\/index.php?rest_route=\/wp\/v2\/posts\/70970\/revisions"}],"predecessor-version":[{"id":70972,"href":"https:\/\/www.egemtv.com\/index.php?rest_route=\/wp\/v2\/posts\/70970\/revisions\/70972"}],"wp:featuredmedia":[{"embeddable":true,"href":"https:\/\/www.egemtv.com\/index.php?rest_route=\/wp\/v2\/media\/70971"}],"wp:attachment":[{"href":"https:\/\/www.egemtv.com\/index.php?rest_route=%2Fwp%2Fv2%2Fmedia&parent=70970"}],"wp:term":[{"taxonomy":"category","embeddable":true,"href":"https:\/\/www.egemtv.com\/index.php?rest_route=%2Fwp%2Fv2%2Fcategories&post=70970"},{"taxonomy":"post_tag","embeddable":true,"href":"https:\/\/www.egemtv.com\/index.php?rest_route=%2Fwp%2Fv2%2Ftags&post=70970"}],"curies":[{"name":"wp","href":"https:\/\/api.w.org\/{rel}","templated":true}]}}