{"id":70967,"date":"2025-11-29T13:14:54","date_gmt":"2025-11-29T10:14:54","guid":{"rendered":"https:\/\/www.egemtv.com\/?p=70967"},"modified":"2025-11-29T13:14:55","modified_gmt":"2025-11-29T10:14:55","slug":"tirin-altinda-kalan-otomobildeki-kari-koca-hayatini-kaybetti","status":"publish","type":"post","link":"https:\/\/www.egemtv.com\/?p=70967","title":{"rendered":"T\u0131r\u0131n alt\u0131nda kalan otomobildeki kar\u0131 koca hayat\u0131n\u0131 kaybetti"},"content":{"rendered":"<p>Manisa\u2019n\u0131n Akhisar il\u00e7esinde t\u0131r ile otomobilin \u00e7arp\u0131\u015ft\u0131\u011f\u0131 kazada ayn\u0131 ara\u00e7ta bulunan kar\u0131-koca hayat\u0131n\u0131 kaybetti.<br \/>\n<br \/>Manisa\u2019n\u0131n Akhisar il\u00e7esi Kapakl\u0131 Mahallesi yolu \u00fczerinde sabah saatlerinde meydana gelen kazada, Zihni Ba\u015fkan (64) idaresindeki 35 AIL 903 plakal\u0131 otomobil, tali yoldan d\u00f6n\u00fc\u015f yapmakta olan t\u0131r\u0131n dorsesine \u00e7arpt\u0131. Kazada otomobil s\u00fcr\u00fcc\u00fcs\u00fc Zihni Ba\u015fkan ile e\u015fi Saadet Ba\u015fkan (64) olay yerinde ya\u015fam\u0131n\u0131 yitirdi.<br \/>\n<br \/>Edinilen bilgiye g\u00f6re, kaza, saat 07.33 s\u0131ralar\u0131nda Akhisar NATO tali yolundan Manisa istikametine d\u00f6n\u00fc\u015f yapan N.O. (48) y\u00f6netimindeki 35 BZN 389 plakal\u0131 t\u0131ra, Kapakl\u0131\u2013Akhisar y\u00f6n\u00fcnden gelen otomobilin \u00e7arpmas\u0131 sonucu meydana geldi. \u00c7arpman\u0131n etkisiyle otomobilde b\u00fcy\u00fck hasar olu\u015ftu.<br \/>\n<br \/>\u0130hbar \u00fczerine olay yerine sa\u011fl\u0131k, polis ve jandarma ekipleri sevk edildi. Sa\u011fl\u0131k ekipleri yapt\u0131\u011f\u0131 kontrolde Zihni ve Saadet Ba\u015fkan \u00e7iftinin hayat\u0131n\u0131 kaybetti\u011fini belirledi. B\u00f6lge g\u00fcvenlik \u00e7emberine al\u0131n\u0131rken kazayla ilgili inceleme ba\u015flat\u0131ld\u0131.<br \/>\n<br \/>T\u0131r s\u00fcr\u00fcc\u00fcs\u00fc N.O., kaza ile ilgili y\u00fcr\u00fct\u00fclen soru\u015fturma kapsam\u0131nda g\u00f6zalt\u0131na al\u0131narak Akhisar N\u00f6bet\u00e7i Cumhuriyet Savc\u0131l\u0131\u011f\u0131\u2019na sevk edildi. Olayla ilgili soru\u015fturma s\u00fcr\u00fcyor.<br \/><\/p>\n","protected":false},"excerpt":{"rendered":"<p>Manisa\u2019n\u0131n Akhisar il\u00e7esinde t\u0131r ile otomobilin \u00e7arp\u0131\u015ft\u0131\u011f\u0131 kazada ayn\u0131 ara\u00e7ta bulunan kar\u0131-koca hayat\u0131n\u0131 kaybetti. Manisa\u2019n\u0131n Akhisar il\u00e7esi Kapakl\u0131 Mahallesi yolu \u00fczerinde sabah saatlerinde meydana gelen kazada, Zihni Ba\u015fkan (64) idaresindeki 35 AIL 903 plakal\u0131 otomobil, tali yoldan d\u00f6n\u00fc\u015f yapmakta olan t\u0131r\u0131n dorsesine \u00e7arpt\u0131. Kazada otomobil s\u00fcr\u00fcc\u00fcs\u00fc Zihni Ba\u015fkan ile e\u015fi Saadet Ba\u015fkan (64) olay yerinde&#8230;<\/p>\n","protected":false},"author":1,"featured_media":70968,"comment_status":"open","ping_status":"open","sticky":false,"template":"","format":"standard","meta":{"_crdt_document":"","footnotes":""},"categories":[5],"tags":[],"class_list":["post-70967","post","type-post","status-publish","format-standard","has-post-thumbnail","hentry","category-asayis"],"_links":{"self":[{"href":"https:\/\/www.egemtv.com\/index.php?rest_route=\/wp\/v2\/posts\/70967","targetHints":{"allow":["GET"]}}],"collection":[{"href":"https:\/\/www.egemtv.com\/index.php?rest_route=\/wp\/v2\/posts"}],"about":[{"href":"https:\/\/www.egemtv.com\/index.php?rest_route=\/wp\/v2\/types\/post"}],"author":[{"embeddable":true,"href":"https:\/\/www.egemtv.com\/index.php?rest_route=\/wp\/v2\/users\/1"}],"replies":[{"embeddable":true,"href":"https:\/\/www.egemtv.com\/index.php?rest_route=%2Fwp%2Fv2%2Fcomments&post=70967"}],"version-history":[{"count":1,"href":"https:\/\/www.egemtv.com\/index.php?rest_route=\/wp\/v2\/posts\/70967\/revisions"}],"predecessor-version":[{"id":70969,"href":"https:\/\/www.egemtv.com\/index.php?rest_route=\/wp\/v2\/posts\/70967\/revisions\/70969"}],"wp:featuredmedia":[{"embeddable":true,"href":"https:\/\/www.egemtv.com\/index.php?rest_route=\/wp\/v2\/media\/70968"}],"wp:attachment":[{"href":"https:\/\/www.egemtv.com\/index.php?rest_route=%2Fwp%2Fv2%2Fmedia&parent=70967"}],"wp:term":[{"taxonomy":"category","embeddable":true,"href":"https:\/\/www.egemtv.com\/index.php?rest_route=%2Fwp%2Fv2%2Fcategories&post=70967"},{"taxonomy":"post_tag","embeddable":true,"href":"https:\/\/www.egemtv.com\/index.php?rest_route=%2Fwp%2Fv2%2Ftags&post=70967"}],"curies":[{"name":"wp","href":"https:\/\/api.w.org\/{rel}","templated":true}]}}