{"id":70964,"date":"2025-11-29T13:14:54","date_gmt":"2025-11-29T10:14:54","guid":{"rendered":"https:\/\/www.egemtv.com\/?p=70964"},"modified":"2025-11-29T13:14:54","modified_gmt":"2025-11-29T10:14:54","slug":"ogrenciler-kadina-yonelik-siddet-konusunda-bilgilendirildi","status":"publish","type":"post","link":"https:\/\/www.egemtv.com\/?p=70964","title":{"rendered":"\u00d6\u011frenciler kad\u0131na y\u00f6nelik \u015fiddet konusunda bilgilendirildi"},"content":{"rendered":"<p>Ayd\u0131n Gen\u00e7lik ve Spor \u0130l M\u00fcd\u00fcrl\u00fc\u011f\u00fc taraf\u0131ndan d\u00fczenlenen bilin\u00e7lendirme konferans\u0131nda, \u00f6\u011frenciler kad\u0131na y\u00f6nelik \u015fiddet ve \u00f6nleme yollar\u0131 konusunda bilgilendirildi.<br \/>\n<br \/>Ayd\u0131n Gen\u00e7lik ve Spor \u0130l M\u00fcd\u00fcrl\u00fc\u011f\u00fc koordinesinde \u00f6\u011frencilerin kad\u0131na y\u00f6nelik \u015fiddet konusunda bilin\u00e7lenmesi amac\u0131yla bir konferans d\u00fczenledi. Etkinlikte, \u00f6\u011frenciler \u015fiddetin t\u00fcrleri, etkileri ve \u015fiddeti \u00f6nleme y\u00f6ntemleri hakk\u0131nda bilgilendirildi. Kat\u0131l\u0131mc\u0131lar, interaktif sunumlar ve \u00f6rnek olaylarla konuyu daha yak\u0131ndan tan\u0131ma f\u0131rsat\u0131 buldu. Gen\u00e7lerin fark\u0131ndal\u0131k programlar\u0131na kat\u0131l\u0131m\u0131n\u0131n, \u015fiddet kar\u015f\u0131t\u0131 k\u00fclt\u00fcr\u00fcn yayg\u0131nla\u015fmas\u0131nda \u00f6nemli rol oynad\u0131\u011f\u0131n\u0131 vurgulayan Ayd\u0131n Gen\u00e7lik ve Spor \u0130l M\u00fcd\u00fcrl\u00fc\u011f\u00fc, \u00f6\u011frencilere y\u00f6nelik e\u011fitimlerin aral\u0131ks\u0131z devam edece\u011fini belirtti. Etkinlik, \u00f6\u011frencilerin sorular\u0131na yan\u0131tlar al\u0131narak ve \u00e7e\u015fitli materyallerle desteklenerek son buldu.<br \/><\/p>\n","protected":false},"excerpt":{"rendered":"<p>Ayd\u0131n Gen\u00e7lik ve Spor \u0130l M\u00fcd\u00fcrl\u00fc\u011f\u00fc taraf\u0131ndan d\u00fczenlenen bilin\u00e7lendirme konferans\u0131nda, \u00f6\u011frenciler kad\u0131na y\u00f6nelik \u015fiddet ve \u00f6nleme yollar\u0131 konusunda bilgilendirildi. Ayd\u0131n Gen\u00e7lik ve Spor \u0130l M\u00fcd\u00fcrl\u00fc\u011f\u00fc koordinesinde \u00f6\u011frencilerin kad\u0131na y\u00f6nelik \u015fiddet konusunda bilin\u00e7lenmesi amac\u0131yla bir konferans d\u00fczenledi. Etkinlikte, \u00f6\u011frenciler \u015fiddetin t\u00fcrleri, etkileri ve \u015fiddeti \u00f6nleme y\u00f6ntemleri hakk\u0131nda bilgilendirildi. Kat\u0131l\u0131mc\u0131lar, interaktif sunumlar ve \u00f6rnek olaylarla konuyu daha&#8230;<\/p>\n","protected":false},"author":1,"featured_media":70965,"comment_status":"open","ping_status":"open","sticky":false,"template":"","format":"standard","meta":{"_crdt_document":"","footnotes":""},"categories":[1],"tags":[],"class_list":["post-70964","post","type-post","status-publish","format-standard","has-post-thumbnail","hentry","category-guncel"],"_links":{"self":[{"href":"https:\/\/www.egemtv.com\/index.php?rest_route=\/wp\/v2\/posts\/70964","targetHints":{"allow":["GET"]}}],"collection":[{"href":"https:\/\/www.egemtv.com\/index.php?rest_route=\/wp\/v2\/posts"}],"about":[{"href":"https:\/\/www.egemtv.com\/index.php?rest_route=\/wp\/v2\/types\/post"}],"author":[{"embeddable":true,"href":"https:\/\/www.egemtv.com\/index.php?rest_route=\/wp\/v2\/users\/1"}],"replies":[{"embeddable":true,"href":"https:\/\/www.egemtv.com\/index.php?rest_route=%2Fwp%2Fv2%2Fcomments&post=70964"}],"version-history":[{"count":1,"href":"https:\/\/www.egemtv.com\/index.php?rest_route=\/wp\/v2\/posts\/70964\/revisions"}],"predecessor-version":[{"id":70966,"href":"https:\/\/www.egemtv.com\/index.php?rest_route=\/wp\/v2\/posts\/70964\/revisions\/70966"}],"wp:featuredmedia":[{"embeddable":true,"href":"https:\/\/www.egemtv.com\/index.php?rest_route=\/wp\/v2\/media\/70965"}],"wp:attachment":[{"href":"https:\/\/www.egemtv.com\/index.php?rest_route=%2Fwp%2Fv2%2Fmedia&parent=70964"}],"wp:term":[{"taxonomy":"category","embeddable":true,"href":"https:\/\/www.egemtv.com\/index.php?rest_route=%2Fwp%2Fv2%2Fcategories&post=70964"},{"taxonomy":"post_tag","embeddable":true,"href":"https:\/\/www.egemtv.com\/index.php?rest_route=%2Fwp%2Fv2%2Ftags&post=70964"}],"curies":[{"name":"wp","href":"https:\/\/api.w.org\/{rel}","templated":true}]}}