{"id":70961,"date":"2025-11-29T12:55:59","date_gmt":"2025-11-29T09:55:59","guid":{"rendered":"https:\/\/www.egemtv.com\/?p=70961"},"modified":"2025-11-29T12:55:59","modified_gmt":"2025-11-29T09:55:59","slug":"kutahya-belediyesinden-nilufer-ornek-ozkan-ve-adil-ozkana-saygi-gecesi","status":"publish","type":"post","link":"https:\/\/www.egemtv.com\/?p=70961","title":{"rendered":"K\u00fctahya Belediyesi\u2019nden Nil\u00fcfer \u00d6rnek \u00d6zkan ve Adil \u00d6zkan\u2019a Sayg\u0131 Gecesi"},"content":{"rendered":"<p>K\u00fctahya Belediyesi taraf\u0131ndan d\u00fczenlenen &#8220;Nil\u00fcfer \u00d6rnek \u00d6zkan ve Adil \u00d6zkan\u2019a Sayg\u0131 Gecesi&#8221;, \u015fehrin k\u00fclt\u00fcr ve sanat hayat\u0131na uzun y\u0131llar emek veren iki de\u011ferli sanat\u00e7\u0131ya duyulan minnet duygular\u0131n\u0131n ifade edildi\u011fi anlaml\u0131 bir etkinlik olarak ger\u00e7ekle\u015ftirildi.<br \/>\n<br \/>Programa K\u00fctahya Belediye Ba\u015fkan Vekili Ha\u015fim Ertekin, K\u00fctahya Dumlup\u0131nar \u00dcniversitesi Rekt\u00f6r\u00fc Prof. Dr. S\u00fcleyman K\u0131z\u0131ltoprak, K\u00fctahya \u0130l K\u00fclt\u00fcr ve Turizm M\u00fcd\u00fcr\u00fc Zekeriya \u00dcnal, K\u00fctahya Kent Konseyi Ba\u015fkan\u0131 B\u00fclent Cebeci ile bir\u00e7ok sivil toplum kurulu\u015fu ve siyasi parti temsilcisi kat\u0131ld\u0131.<br \/>\n<br \/>K\u00fctahya Belediye Ba\u015fkan\u0131 Ey\u00fcp Kahveci, g\u00f6nderdi\u011fi video mesaj\u0131nda iki de\u011ferli sanat\u00e7\u0131n\u0131n \u015fehre katk\u0131lar\u0131na dikkat \u00e7ekerek te\u015fekk\u00fcrlerini iletti. Ba\u015fkan Vekili Ha\u015fim Ertekin ise konu\u015fmas\u0131nda, &#8220;Nil\u00fcfer \u00d6rnek \u00d6zkan ve Adil \u00d6zkan, y\u0131llar\u0131n\u0131 K\u00fctahya\u2019n\u0131n k\u00fclt\u00fcr ve sanat\u0131na adam\u0131\u015f, eserleriyle \u015fehir haf\u0131zas\u0131nda silinmez izler b\u0131rakm\u0131\u015f iki k\u0131ymetli isimdir&#8221; ifadelerini kulland\u0131.<br \/>\n<br \/>Etkinlik kapsam\u0131nda salon giri\u015finde, Adil \u00d6zkan\u2019\u0131n \u00e7ini ve resim \u00e7al\u0131\u015fmalar\u0131ndan olu\u015fan \u00f6zel sergi ile Nil\u00fcfer \u00d6rnek \u00d6zkan\u2019\u0131n yay\u0131mlanan kitaplar\u0131 sanatseverlerin be\u011fenisine sunuldu.<br \/>\n<br \/>K\u00fclt\u00fcr ve Sosyal \u0130\u015fler M\u00fcd\u00fcr\u00fc Y\u0131ld\u0131r\u0131m Akg\u00fcl\u2019\u00fcn moderat\u00f6rl\u00fc\u011f\u00fcnde d\u00fczenlenen gece, K\u00fclt\u00fcr Sanat Akademisi Orkestras\u0131\u2019n\u0131n icra etti\u011fi \u00f6zel m\u00fczik konseriyle devam etti. Program, sanat\u00e7\u0131lara te\u015fekk\u00fcr belgeleri ve hediyelerin takdim edilmesiyle sona erdi.<br \/><\/p>\n","protected":false},"excerpt":{"rendered":"<p>K\u00fctahya Belediyesi taraf\u0131ndan d\u00fczenlenen &#8220;Nil\u00fcfer \u00d6rnek \u00d6zkan ve Adil \u00d6zkan\u2019a Sayg\u0131 Gecesi&#8221;, \u015fehrin k\u00fclt\u00fcr ve sanat hayat\u0131na uzun y\u0131llar emek veren iki de\u011ferli sanat\u00e7\u0131ya duyulan minnet duygular\u0131n\u0131n ifade edildi\u011fi anlaml\u0131 bir etkinlik olarak ger\u00e7ekle\u015ftirildi. Programa K\u00fctahya Belediye Ba\u015fkan Vekili Ha\u015fim Ertekin, K\u00fctahya Dumlup\u0131nar \u00dcniversitesi Rekt\u00f6r\u00fc Prof. Dr. S\u00fcleyman K\u0131z\u0131ltoprak, K\u00fctahya \u0130l K\u00fclt\u00fcr ve Turizm M\u00fcd\u00fcr\u00fc&#8230;<\/p>\n","protected":false},"author":1,"featured_media":70962,"comment_status":"open","ping_status":"open","sticky":false,"template":"","format":"standard","meta":{"_crdt_document":"","footnotes":""},"categories":[1],"tags":[],"class_list":["post-70961","post","type-post","status-publish","format-standard","has-post-thumbnail","hentry","category-guncel"],"_links":{"self":[{"href":"https:\/\/www.egemtv.com\/index.php?rest_route=\/wp\/v2\/posts\/70961","targetHints":{"allow":["GET"]}}],"collection":[{"href":"https:\/\/www.egemtv.com\/index.php?rest_route=\/wp\/v2\/posts"}],"about":[{"href":"https:\/\/www.egemtv.com\/index.php?rest_route=\/wp\/v2\/types\/post"}],"author":[{"embeddable":true,"href":"https:\/\/www.egemtv.com\/index.php?rest_route=\/wp\/v2\/users\/1"}],"replies":[{"embeddable":true,"href":"https:\/\/www.egemtv.com\/index.php?rest_route=%2Fwp%2Fv2%2Fcomments&post=70961"}],"version-history":[{"count":1,"href":"https:\/\/www.egemtv.com\/index.php?rest_route=\/wp\/v2\/posts\/70961\/revisions"}],"predecessor-version":[{"id":70963,"href":"https:\/\/www.egemtv.com\/index.php?rest_route=\/wp\/v2\/posts\/70961\/revisions\/70963"}],"wp:featuredmedia":[{"embeddable":true,"href":"https:\/\/www.egemtv.com\/index.php?rest_route=\/wp\/v2\/media\/70962"}],"wp:attachment":[{"href":"https:\/\/www.egemtv.com\/index.php?rest_route=%2Fwp%2Fv2%2Fmedia&parent=70961"}],"wp:term":[{"taxonomy":"category","embeddable":true,"href":"https:\/\/www.egemtv.com\/index.php?rest_route=%2Fwp%2Fv2%2Fcategories&post=70961"},{"taxonomy":"post_tag","embeddable":true,"href":"https:\/\/www.egemtv.com\/index.php?rest_route=%2Fwp%2Fv2%2Ftags&post=70961"}],"curies":[{"name":"wp","href":"https:\/\/api.w.org\/{rel}","templated":true}]}}