{"id":70958,"date":"2025-11-29T12:55:58","date_gmt":"2025-11-29T09:55:58","guid":{"rendered":"https:\/\/www.egemtv.com\/?p=70958"},"modified":"2025-11-29T12:55:59","modified_gmt":"2025-11-29T09:55:59","slug":"aydinda-105-jandarma-personeline-afet-egitimi-verildi","status":"publish","type":"post","link":"https:\/\/www.egemtv.com\/?p=70958","title":{"rendered":"Ayd\u0131n\u2019da 105 jandarma personeline afet e\u011fitimi verildi"},"content":{"rendered":"<p>AFAD taraf\u0131ndan temin edilen acil m\u00fcdahale ekipmanlar\u0131yla desteklenen e\u011fitimlerde 105 jandarma personeli, arama-kurtarma uygulamalar\u0131nda bilgi ve becerilerini geli\u015ftirdi.<br \/>\n<br \/>Ayd\u0131n \u0130l Jandarma Komutanl\u0131\u011f\u0131 muhtemel afet durumlar\u0131nda g\u00f6rev alacak personelin haz\u0131rl\u0131k seviyesini art\u0131rmak amac\u0131yla kapsaml\u0131 e\u011fitim programlar\u0131n\u0131 s\u00fcrd\u00fcr\u00fcyor. Bu kapsamda, AFAD taraf\u0131ndan \u0130l Jandarma Komutanl\u0131\u011f\u0131na temin edilen Acil M\u00fcdahale Konteyn\u0131r\u0131 \u00fczerinden uygulamal\u0131 e\u011fitimler ger\u00e7ekle\u015ftirildi. Ayd\u0131n Jandarma Arama Kurtarma (JAK) Timi taraf\u0131ndan verilen e\u011fitimlerde, jandarma personeline afet an\u0131nda do\u011fru, h\u0131zl\u0131 ve g\u00fcvenli m\u00fcdahale y\u00f6ntemleri aktar\u0131ld\u0131. Personelin sahada kullanaca\u011f\u0131 arama-kurtarma ekipmanlar\u0131 detayl\u0131 \u015fekilde tan\u0131t\u0131l\u0131rken, senaryo destekli tatbikatlarla teorik bilgiler uygulamaya d\u00f6n\u00fc\u015ft\u00fcr\u00fcld\u00fc. Toplam 105 jandarma personelinin kat\u0131ld\u0131\u011f\u0131 programda, afet b\u00f6lgesinde koordineli hareket etme, ekipmanlar\u0131 etkin kullanma ve zaman y\u00f6netimi konular\u0131nda pratik deneyim kazand\u0131r\u0131lmas\u0131 hedeflendi. Ayd\u0131n \u0130l Jandarma Komutanl\u0131\u011f\u0131, e\u011fitimlerin ilerleyen s\u00fcre\u00e7te di\u011fer birimlerde de devam edece\u011fini, \u00e7al\u0131\u015fmalar\u0131n sahada g\u00f6rev yapan personelin kapasitesini \u00f6nemli \u00f6l\u00e7\u00fcde art\u0131rd\u0131\u011f\u0131n\u0131 belirtti.<br \/><\/p>\n","protected":false},"excerpt":{"rendered":"<p>AFAD taraf\u0131ndan temin edilen acil m\u00fcdahale ekipmanlar\u0131yla desteklenen e\u011fitimlerde 105 jandarma personeli, arama-kurtarma uygulamalar\u0131nda bilgi ve becerilerini geli\u015ftirdi. Ayd\u0131n \u0130l Jandarma Komutanl\u0131\u011f\u0131 muhtemel afet durumlar\u0131nda g\u00f6rev alacak personelin haz\u0131rl\u0131k seviyesini art\u0131rmak amac\u0131yla kapsaml\u0131 e\u011fitim programlar\u0131n\u0131 s\u00fcrd\u00fcr\u00fcyor. Bu kapsamda, AFAD taraf\u0131ndan \u0130l Jandarma Komutanl\u0131\u011f\u0131na temin edilen Acil M\u00fcdahale Konteyn\u0131r\u0131 \u00fczerinden uygulamal\u0131 e\u011fitimler ger\u00e7ekle\u015ftirildi. Ayd\u0131n Jandarma Arama&#8230;<\/p>\n","protected":false},"author":1,"featured_media":70959,"comment_status":"open","ping_status":"open","sticky":false,"template":"","format":"standard","meta":{"_crdt_document":"","footnotes":""},"categories":[1],"tags":[],"class_list":["post-70958","post","type-post","status-publish","format-standard","has-post-thumbnail","hentry","category-guncel"],"_links":{"self":[{"href":"https:\/\/www.egemtv.com\/index.php?rest_route=\/wp\/v2\/posts\/70958","targetHints":{"allow":["GET"]}}],"collection":[{"href":"https:\/\/www.egemtv.com\/index.php?rest_route=\/wp\/v2\/posts"}],"about":[{"href":"https:\/\/www.egemtv.com\/index.php?rest_route=\/wp\/v2\/types\/post"}],"author":[{"embeddable":true,"href":"https:\/\/www.egemtv.com\/index.php?rest_route=\/wp\/v2\/users\/1"}],"replies":[{"embeddable":true,"href":"https:\/\/www.egemtv.com\/index.php?rest_route=%2Fwp%2Fv2%2Fcomments&post=70958"}],"version-history":[{"count":1,"href":"https:\/\/www.egemtv.com\/index.php?rest_route=\/wp\/v2\/posts\/70958\/revisions"}],"predecessor-version":[{"id":70960,"href":"https:\/\/www.egemtv.com\/index.php?rest_route=\/wp\/v2\/posts\/70958\/revisions\/70960"}],"wp:featuredmedia":[{"embeddable":true,"href":"https:\/\/www.egemtv.com\/index.php?rest_route=\/wp\/v2\/media\/70959"}],"wp:attachment":[{"href":"https:\/\/www.egemtv.com\/index.php?rest_route=%2Fwp%2Fv2%2Fmedia&parent=70958"}],"wp:term":[{"taxonomy":"category","embeddable":true,"href":"https:\/\/www.egemtv.com\/index.php?rest_route=%2Fwp%2Fv2%2Fcategories&post=70958"},{"taxonomy":"post_tag","embeddable":true,"href":"https:\/\/www.egemtv.com\/index.php?rest_route=%2Fwp%2Fv2%2Ftags&post=70958"}],"curies":[{"name":"wp","href":"https:\/\/api.w.org\/{rel}","templated":true}]}}