{"id":70955,"date":"2025-11-29T11:55:06","date_gmt":"2025-11-29T08:55:06","guid":{"rendered":"https:\/\/www.egemtv.com\/?p=70955"},"modified":"2025-11-29T11:55:07","modified_gmt":"2025-11-29T08:55:07","slug":"merkezefendi-belediyesi-teknoloji-tutkunlarini-devfest-denizli-2025de-bulusturacak","status":"publish","type":"post","link":"https:\/\/www.egemtv.com\/?p=70955","title":{"rendered":"Merkezefendi Belediyesi teknoloji tutkunlar\u0131n\u0131 &#8220;DEVFEST Denizli 2025\u2019\u2019de bulu\u015fturacak"},"content":{"rendered":"<p>Merkezefendi Belediyesi, yaz\u0131l\u0131m ve teknoloji d\u00fcnyas\u0131n\u0131n \u00f6nemli organizasyonlar\u0131ndan biri olan DevFest Denizli 2025\u2019e ev sahipli\u011fi yapacak.<\/p>\n<p>Merkezefendi Belediyesi ve Google Developer Groups Denizli i\u015fbirli\u011fi ile teknoloji alan\u0131ndaki en g\u00fcncel geli\u015fmelerin ve yenilik\u00e7i fikirlerin ele al\u0131naca\u011f\u0131 etkinlik, hem sekt\u00f6r profesyonellerini hem de teknoloji merakl\u0131lar\u0131n\u0131 bir araya getirecek. Bu y\u0131l geni\u015f bir kat\u0131l\u0131mla ger\u00e7ekle\u015ftirilmesi beklenen festivalde; yapay zeka, mobil uygulama geli\u015ftirme, bulut teknolojileri, yaz\u0131l\u0131m trendleri ve teknoloji ekosisteminin gelece\u011fini \u015fekillendiren daha pek \u00e7ok konular ele al\u0131nacak. Alan\u0131nda uzman konu\u015fmac\u0131lar, geli\u015ftiriciler ve sekt\u00f6rde s\u00f6z sahibi isimler, kat\u0131l\u0131mc\u0131larla bilgi birikimlerini payla\u015facak.<\/p>\n<p>29 Kas\u0131m Cumartesi g\u00fcn\u00fc 09.00-18.00 saatleri aras\u0131nda Merkezefendi K\u00fclt\u00fcr Merkezi\u2019nde ger\u00e7ekle\u015ftirilecek olan etkinlik, teknoloji ekosisteminin farkl\u0131 alanlar\u0131ndan uzmanlar\u0131 ve merakl\u0131lar\u0131 bir araya getirecek.<\/p>\n<p>&#8220;Gen\u00e7lerimiz i\u00e7in b\u00fcy\u00fck bir f\u0131rsat&#8221;<br \/>\n<br \/>Gen\u00e7lerin, giri\u015fimcilerin ve teknolojiyle ilgilenen herkesin kendini geli\u015ftirebilece\u011fi ortamlar olu\u015fturmay\u0131 \u00e7ok \u00f6nemsediklerini belirten Merkezefendi Belediye Ba\u015fkan\u0131 \u015eeniz Do\u011fan, &#8220;\u0130l\u00e7emizde bilginin, yenili\u011fin ve \u00fcretimin \u00f6n\u00fcn\u00fc a\u00e7an etkinliklere ev sahipli\u011fi yapmaktan b\u00fcy\u00fck bir memnuniyet duyuyoruz. DevFest Denizli 2025, sadece teknolojiyi konu\u015faca\u011f\u0131m\u0131z bir g\u00fcn de\u011fil; ayn\u0131 zamanda gen\u00e7lerimizin yeni fikirlerle, uzmanlarla ve sekt\u00f6r\u00fcn \u00f6nde gelen isimleriyle bulu\u015faca\u011f\u0131 \u00f6nemli bir platform olacak. T\u00fcm hem\u015fehrilerimizi bu b\u00fcy\u00fck teknoloji \u015f\u00f6lenine kat\u0131lmaya, birlikte \u00f6\u011frenmeye ve gelece\u011fi birlikte \u015fekillendirmeye davet ediyorum&#8221; dedi.<br \/><\/p>\n","protected":false},"excerpt":{"rendered":"<p>Merkezefendi Belediyesi, yaz\u0131l\u0131m ve teknoloji d\u00fcnyas\u0131n\u0131n \u00f6nemli organizasyonlar\u0131ndan biri olan DevFest Denizli 2025\u2019e ev sahipli\u011fi yapacak. Merkezefendi Belediyesi ve Google Developer Groups Denizli i\u015fbirli\u011fi ile teknoloji alan\u0131ndaki en g\u00fcncel geli\u015fmelerin ve yenilik\u00e7i fikirlerin ele al\u0131naca\u011f\u0131 etkinlik, hem sekt\u00f6r profesyonellerini hem de teknoloji merakl\u0131lar\u0131n\u0131 bir araya getirecek. Bu y\u0131l geni\u015f bir kat\u0131l\u0131mla ger\u00e7ekle\u015ftirilmesi beklenen festivalde; yapay&#8230;<\/p>\n","protected":false},"author":1,"featured_media":70956,"comment_status":"open","ping_status":"open","sticky":false,"template":"","format":"standard","meta":{"_crdt_document":"","footnotes":""},"categories":[124],"tags":[],"class_list":["post-70955","post","type-post","status-publish","format-standard","has-post-thumbnail","hentry","category-bilim"],"_links":{"self":[{"href":"https:\/\/www.egemtv.com\/index.php?rest_route=\/wp\/v2\/posts\/70955","targetHints":{"allow":["GET"]}}],"collection":[{"href":"https:\/\/www.egemtv.com\/index.php?rest_route=\/wp\/v2\/posts"}],"about":[{"href":"https:\/\/www.egemtv.com\/index.php?rest_route=\/wp\/v2\/types\/post"}],"author":[{"embeddable":true,"href":"https:\/\/www.egemtv.com\/index.php?rest_route=\/wp\/v2\/users\/1"}],"replies":[{"embeddable":true,"href":"https:\/\/www.egemtv.com\/index.php?rest_route=%2Fwp%2Fv2%2Fcomments&post=70955"}],"version-history":[{"count":1,"href":"https:\/\/www.egemtv.com\/index.php?rest_route=\/wp\/v2\/posts\/70955\/revisions"}],"predecessor-version":[{"id":70957,"href":"https:\/\/www.egemtv.com\/index.php?rest_route=\/wp\/v2\/posts\/70955\/revisions\/70957"}],"wp:featuredmedia":[{"embeddable":true,"href":"https:\/\/www.egemtv.com\/index.php?rest_route=\/wp\/v2\/media\/70956"}],"wp:attachment":[{"href":"https:\/\/www.egemtv.com\/index.php?rest_route=%2Fwp%2Fv2%2Fmedia&parent=70955"}],"wp:term":[{"taxonomy":"category","embeddable":true,"href":"https:\/\/www.egemtv.com\/index.php?rest_route=%2Fwp%2Fv2%2Fcategories&post=70955"},{"taxonomy":"post_tag","embeddable":true,"href":"https:\/\/www.egemtv.com\/index.php?rest_route=%2Fwp%2Fv2%2Ftags&post=70955"}],"curies":[{"name":"wp","href":"https:\/\/api.w.org\/{rel}","templated":true}]}}