{"id":70949,"date":"2025-11-29T11:55:04","date_gmt":"2025-11-29T08:55:04","guid":{"rendered":"https:\/\/www.egemtv.com\/?p=70949"},"modified":"2025-11-29T11:55:05","modified_gmt":"2025-11-29T08:55:05","slug":"mentesede-siddetli-yagmur-ve-dolu-etkili-oluyor","status":"publish","type":"post","link":"https:\/\/www.egemtv.com\/?p=70949","title":{"rendered":"Mente\u015fe\u2019de \u015fiddetli ya\u011fmur ve dolu etkili oluyor"},"content":{"rendered":"<p>Mu\u011fla\u2019n\u0131n merkez il\u00e7esi Mente\u015fe, d\u00fcn ak\u015fam saatlerinden itibaren sa\u011fanak ve dolu ya\u011f\u0131\u015f\u0131n\u0131n etkisi alt\u0131na girdi.<\/p>\n<p>K\u0131sa s\u00fcren ancak yo\u011fun olan ya\u011f\u0131\u015f, il\u00e7e merkezinde ya\u015fam\u0131 olumsuz etkiledi. \u00d6zellikle ya\u011fan dolu nedeniyle baz\u0131 yollar k\u0131sa s\u00fcreli\u011fine beyaza b\u00fcr\u00fcnd\u00fc. \u015eiddetli ya\u011f\u0131\u015f nedeniyle Mente\u015fe\u2019deki baz\u0131 cadde ve sokaklar k\u0131sa s\u00fcrede sular alt\u0131nda kald\u0131. Ya\u011fmur sular\u0131n\u0131n birikmesiyle olu\u015fan g\u00f6letler nedeniyle \u00f6zellikle al\u00e7ak kesimlerde seyreden ara\u00e7lar ilerlemekte g\u00fc\u00e7l\u00fck \u00e7ekti.<\/p>\n<p>Meteorolojik uyar\u0131n\u0131n ard\u0131ndan Mu\u011fla Valili\u011fi, kriz y\u00f6netimi i\u00e7in h\u0131zla harekete ge\u00e7ti. \u0130l\u00e7e Kaymakaml\u0131klar\u0131 ve ilgili kurumlar bilgilendirilerek, t\u00fcm ekiplerin teyakkuz halinde bulundurulmas\u0131 talimatland\u0131r\u0131ld\u0131. Mu\u011fla Valili\u011fi, B\u00fcy\u00fck\u015fehir Belediyesi ve ilgili kurumlar\u0131n sosyal medya hesaplar\u0131 \u00fczerinden vatanda\u015flara y\u00f6nelik acil uyar\u0131lar yap\u0131l\u0131rken, t\u00fcm il\u00e7elerin mahalle muhtarlar\u0131 da WhatsApp gruplar\u0131 \u00fczerinden bilgilendirildi.<\/p>\n<p>Ya\u011f\u0131\u015f uyar\u0131s\u0131 kapsam\u0131nda, koordinasyon ve m\u00fcdahale s\u00fcre\u00e7lerini y\u00f6netmek \u00fczere AFAD Y\u00f6netimi Ba\u015fkanl\u0131\u011f\u0131nca Afetlere M\u00fcdahale Genel M\u00fcd\u00fcr\u00fc ve Arama ve Kurtarma Daire Ba\u015fkan\u0131 da Mu\u011fla\u2019da g\u00f6revlendirildi.<br \/><\/p>\n","protected":false},"excerpt":{"rendered":"<p>Mu\u011fla\u2019n\u0131n merkez il\u00e7esi Mente\u015fe, d\u00fcn ak\u015fam saatlerinden itibaren sa\u011fanak ve dolu ya\u011f\u0131\u015f\u0131n\u0131n etkisi alt\u0131na girdi. K\u0131sa s\u00fcren ancak yo\u011fun olan ya\u011f\u0131\u015f, il\u00e7e merkezinde ya\u015fam\u0131 olumsuz etkiledi. \u00d6zellikle ya\u011fan dolu nedeniyle baz\u0131 yollar k\u0131sa s\u00fcreli\u011fine beyaza b\u00fcr\u00fcnd\u00fc. \u015eiddetli ya\u011f\u0131\u015f nedeniyle Mente\u015fe\u2019deki baz\u0131 cadde ve sokaklar k\u0131sa s\u00fcrede sular alt\u0131nda kald\u0131. Ya\u011fmur sular\u0131n\u0131n birikmesiyle olu\u015fan g\u00f6letler nedeniyle&#8230;<\/p>\n","protected":false},"author":1,"featured_media":70950,"comment_status":"open","ping_status":"open","sticky":false,"template":"","format":"standard","meta":{"_crdt_document":"","footnotes":""},"categories":[1],"tags":[],"class_list":["post-70949","post","type-post","status-publish","format-standard","has-post-thumbnail","hentry","category-guncel"],"_links":{"self":[{"href":"https:\/\/www.egemtv.com\/index.php?rest_route=\/wp\/v2\/posts\/70949","targetHints":{"allow":["GET"]}}],"collection":[{"href":"https:\/\/www.egemtv.com\/index.php?rest_route=\/wp\/v2\/posts"}],"about":[{"href":"https:\/\/www.egemtv.com\/index.php?rest_route=\/wp\/v2\/types\/post"}],"author":[{"embeddable":true,"href":"https:\/\/www.egemtv.com\/index.php?rest_route=\/wp\/v2\/users\/1"}],"replies":[{"embeddable":true,"href":"https:\/\/www.egemtv.com\/index.php?rest_route=%2Fwp%2Fv2%2Fcomments&post=70949"}],"version-history":[{"count":1,"href":"https:\/\/www.egemtv.com\/index.php?rest_route=\/wp\/v2\/posts\/70949\/revisions"}],"predecessor-version":[{"id":70951,"href":"https:\/\/www.egemtv.com\/index.php?rest_route=\/wp\/v2\/posts\/70949\/revisions\/70951"}],"wp:featuredmedia":[{"embeddable":true,"href":"https:\/\/www.egemtv.com\/index.php?rest_route=\/wp\/v2\/media\/70950"}],"wp:attachment":[{"href":"https:\/\/www.egemtv.com\/index.php?rest_route=%2Fwp%2Fv2%2Fmedia&parent=70949"}],"wp:term":[{"taxonomy":"category","embeddable":true,"href":"https:\/\/www.egemtv.com\/index.php?rest_route=%2Fwp%2Fv2%2Fcategories&post=70949"},{"taxonomy":"post_tag","embeddable":true,"href":"https:\/\/www.egemtv.com\/index.php?rest_route=%2Fwp%2Fv2%2Ftags&post=70949"}],"curies":[{"name":"wp","href":"https:\/\/api.w.org\/{rel}","templated":true}]}}