{"id":70946,"date":"2025-11-29T11:15:00","date_gmt":"2025-11-29T08:15:00","guid":{"rendered":"https:\/\/www.egemtv.com\/?p=70946"},"modified":"2025-11-29T11:15:00","modified_gmt":"2025-11-29T08:15:00","slug":"kadinin-emegi-aydinin-gelecegine-yon-veriyor","status":"publish","type":"post","link":"https:\/\/www.egemtv.com\/?p=70946","title":{"rendered":"Kad\u0131n\u0131n eme\u011fi Ayd\u0131n\u2019\u0131n gelece\u011fine y\u00f6n veriyor"},"content":{"rendered":"<p>AYTO\u2019nun &#8220;Kad\u0131n\u0131n Eme\u011fi, Ayd\u0131n\u2019\u0131n Gelece\u011fi&#8221; program\u0131 kapsam\u0131nda kad\u0131n giri\u015fimcilere sertifikalar\u0131 verildi, \u00f6nemli i\u015f birlikleri hayata ge\u00e7irildi.<\/p>\n<p>Ayd\u0131n Ticaret Odas\u0131 (AYTO) Kad\u0131n Giri\u015fimciler Kurulu taraf\u0131ndan y\u00fcr\u00fct\u00fclen &#8220;Kad\u0131n\u0131n Eme\u011fi, Ayd\u0131n\u2019\u0131n Gelece\u011fi&#8221; program\u0131 kapsam\u0131nda d\u00fczenlenen sertifika t\u00f6reni ve protokol imza etkinli\u011fi, AYTO Konferans Salonu\u2019nda yo\u011fun kat\u0131l\u0131mla ger\u00e7ekle\u015ftirildi. E\u011fitimlerini ba\u015far\u0131yla tamamlayan kad\u0131n giri\u015fimciler, tar\u0131m, sanayi ve turizm alanlar\u0131nda sertifikalar\u0131n\u0131 alarak proje s\u00fcrecini tamamlad\u0131. Program \u00e7er\u00e7evesinde \u00f6zellikle sanayi alan\u0131nda y\u00fcr\u00fct\u00fclen &#8220;Kad\u0131n Eli&#8221; projesi, G\u00fcney Ege Kalk\u0131nma Ajans\u0131 (GEKA) deste\u011fiyle hayata ge\u00e7irildi. F\u0131r\u0131n ve unlu mamuller \u00fczerine haz\u0131rlanan proje, kad\u0131n eme\u011finin \u00fcretime kat\u0131lmas\u0131 ve i\u015f hayat\u0131nda g\u00f6r\u00fcn\u00fcrl\u00fc\u011f\u00fcn\u00fcn artmas\u0131n\u0131 hedefliyor. Etkinlikte ayr\u0131ca Tralleis Antik Kenti Kaz\u0131lar\u0131 Protokol\u00fc imzalanarak k\u00fclt\u00fcrel i\u015f birli\u011fi a\u00e7\u0131s\u0131ndan \u00f6nemli bir ad\u0131m at\u0131ld\u0131. T\u00f6rene AYTO\u2019yu temsilen TOBB Y\u00f6netim Kurulu \u00dcyesi ve AYTO Ba\u015fkan\u0131 Hakan \u00dclken ile Kad\u0131n \u0130cra Kurulu \u00fcyeleri kat\u0131ld\u0131. Efeler Belediye Ba\u015fkan Yard\u0131mc\u0131s\u0131 Yal\u00e7\u0131n Ulusal, kurum m\u00fcd\u00fcrleri ve \u00e7e\u015fitli kurum temsilcileri de etkinlikte yer ald\u0131. Programda yap\u0131lan konu\u015fmalarda kad\u0131n giri\u015fimcili\u011finin b\u00f6lgesel kalk\u0131nmadaki \u00f6nemi vurguland\u0131. AYTO Y\u00f6netim Kurulu \u00dcyesi Belgin \u00c7ekmen Altay, projenin kad\u0131nlara yeni i\u015f alanlar\u0131 sundu\u011funu belirterek eme\u011fi ge\u00e7enlere te\u015fekk\u00fcr etti. Ayd\u0131n \u0130l Kad\u0131n Giri\u015fimciler Kurulu Ba\u015fkan\u0131 G\u00fcler Kurudere Akba\u015f ise kad\u0131n giri\u015fimcilerin ekonomiye katk\u0131s\u0131n\u0131n g\u00fc\u00e7lenerek devam etti\u011fini ifade etti. TOBB Y\u00f6netim Kurulu \u00dcyesi ve AYTO Ba\u015fkan\u0131 Hakan \u00dclken de kad\u0131nlar\u0131n i\u015f hayat\u0131ndaki ba\u015far\u0131s\u0131n\u0131n desteklenmesi gerekti\u011finin alt\u0131n\u0131 \u00e7izdi.<\/p>\n<p>Etkinlik, program yap\u0131mc\u0131s\u0131 Mehmet \u00c7am\u2019\u0131n &#8220;\u0130\u015f Ya\u015fam\u0131nda Milyonluk Sorular: Son Karar\u0131n\u0131z m\u0131?&#8221; ba\u015fl\u0131kl\u0131 semineriyle devam etti. \u00c7am, i\u015f d\u00fcnyas\u0131nda do\u011fru karar alma s\u00fcre\u00e7leri, motivasyon ve ba\u015far\u0131ya ula\u015fman\u0131n yollar\u0131 \u00fczerine etkileyici bir sunum yaparak kat\u0131l\u0131mc\u0131lara ilham verdi.<br \/><\/p>\n","protected":false},"excerpt":{"rendered":"<p>AYTO\u2019nun &#8220;Kad\u0131n\u0131n Eme\u011fi, Ayd\u0131n\u2019\u0131n Gelece\u011fi&#8221; program\u0131 kapsam\u0131nda kad\u0131n giri\u015fimcilere sertifikalar\u0131 verildi, \u00f6nemli i\u015f birlikleri hayata ge\u00e7irildi. Ayd\u0131n Ticaret Odas\u0131 (AYTO) Kad\u0131n Giri\u015fimciler Kurulu taraf\u0131ndan y\u00fcr\u00fct\u00fclen &#8220;Kad\u0131n\u0131n Eme\u011fi, Ayd\u0131n\u2019\u0131n Gelece\u011fi&#8221; program\u0131 kapsam\u0131nda d\u00fczenlenen sertifika t\u00f6reni ve protokol imza etkinli\u011fi, AYTO Konferans Salonu\u2019nda yo\u011fun kat\u0131l\u0131mla ger\u00e7ekle\u015ftirildi. E\u011fitimlerini ba\u015far\u0131yla tamamlayan kad\u0131n giri\u015fimciler, tar\u0131m, sanayi ve turizm alanlar\u0131nda sertifikalar\u0131n\u0131&#8230;<\/p>\n","protected":false},"author":1,"featured_media":70947,"comment_status":"open","ping_status":"open","sticky":false,"template":"","format":"standard","meta":{"_crdt_document":"","footnotes":""},"categories":[125],"tags":[],"class_list":["post-70946","post","type-post","status-publish","format-standard","has-post-thumbnail","hentry","category-ekonomi"],"_links":{"self":[{"href":"https:\/\/www.egemtv.com\/index.php?rest_route=\/wp\/v2\/posts\/70946","targetHints":{"allow":["GET"]}}],"collection":[{"href":"https:\/\/www.egemtv.com\/index.php?rest_route=\/wp\/v2\/posts"}],"about":[{"href":"https:\/\/www.egemtv.com\/index.php?rest_route=\/wp\/v2\/types\/post"}],"author":[{"embeddable":true,"href":"https:\/\/www.egemtv.com\/index.php?rest_route=\/wp\/v2\/users\/1"}],"replies":[{"embeddable":true,"href":"https:\/\/www.egemtv.com\/index.php?rest_route=%2Fwp%2Fv2%2Fcomments&post=70946"}],"version-history":[{"count":1,"href":"https:\/\/www.egemtv.com\/index.php?rest_route=\/wp\/v2\/posts\/70946\/revisions"}],"predecessor-version":[{"id":70948,"href":"https:\/\/www.egemtv.com\/index.php?rest_route=\/wp\/v2\/posts\/70946\/revisions\/70948"}],"wp:featuredmedia":[{"embeddable":true,"href":"https:\/\/www.egemtv.com\/index.php?rest_route=\/wp\/v2\/media\/70947"}],"wp:attachment":[{"href":"https:\/\/www.egemtv.com\/index.php?rest_route=%2Fwp%2Fv2%2Fmedia&parent=70946"}],"wp:term":[{"taxonomy":"category","embeddable":true,"href":"https:\/\/www.egemtv.com\/index.php?rest_route=%2Fwp%2Fv2%2Fcategories&post=70946"},{"taxonomy":"post_tag","embeddable":true,"href":"https:\/\/www.egemtv.com\/index.php?rest_route=%2Fwp%2Fv2%2Ftags&post=70946"}],"curies":[{"name":"wp","href":"https:\/\/api.w.org\/{rel}","templated":true}]}}