{"id":70943,"date":"2025-11-29T11:14:59","date_gmt":"2025-11-29T08:14:59","guid":{"rendered":"https:\/\/www.egemtv.com\/?p=70943"},"modified":"2025-11-29T11:14:59","modified_gmt":"2025-11-29T08:14:59","slug":"kaldirima-carpip-devrilen-motosiklette-2-kisi-yaralandi","status":"publish","type":"post","link":"https:\/\/www.egemtv.com\/?p=70943","title":{"rendered":"Kald\u0131r\u0131ma \u00e7arp\u0131p devrilen motosiklette 2 ki\u015fi yaraland\u0131"},"content":{"rendered":"<p>Afyonkarahisar\u2019da s\u00fcr\u00fcc\u00fcs\u00fcn\u00fcn direksiyon hakimiyetini kaybetmesi sonucu kald\u0131r\u0131ma \u00e7arparak peyzaj alan\u0131na devrilen motosikletteki 2 ki\u015fi yaraland\u0131.<br \/>\n<br \/>Kaza, Bolvadin il\u00e7esi Ka\u00e7an Kav\u015fa\u011f\u0131 yak\u0131nlar\u0131nda meydana geldi. Edinilen bilgilere g\u00f6re, A.N., idaresindeki 03 AIP 350 plakal\u0131 motosiklet s\u00fcr\u00fcc\u00fcs\u00fcn\u00fcn hen\u00fcz belirlenemeyen bir sebepten \u00f6t\u00fcr\u00fc direksiyon hakimiyetini kaybetmesi sonucu kontrolden \u00e7\u0131kt\u0131. Motosiklet ard\u0131ndan yol kenar\u0131ndaki kald\u0131r\u0131ma \u00e7arp\u0131p peyzaj alan\u0131na devrildi. Yakla\u015f\u0131k 10 metre s\u00fcr\u00fcklenerek durabilen motosiklette s\u00fcr\u00fcc\u00fc ile birlikte yan\u0131nda bulunan S.N., yaraland\u0131. Yaral\u0131lar kaza sonras\u0131 \u00e7evredekilerin haber vermesi \u00fczerine olay yerine gelen ambulanslarla hastanelere kald\u0131r\u0131ld\u0131. Yaral\u0131lar\u0131n sa\u011fl\u0131k durumlar\u0131n\u0131n iyi oldu\u011fu bildirildi.<br \/>\n<br \/>Kazan\u0131n ard\u0131ndan jandarma taraf\u0131ndan inceleme ba\u015flat\u0131ld\u0131.<br \/><\/p>\n","protected":false},"excerpt":{"rendered":"<p>Afyonkarahisar\u2019da s\u00fcr\u00fcc\u00fcs\u00fcn\u00fcn direksiyon hakimiyetini kaybetmesi sonucu kald\u0131r\u0131ma \u00e7arparak peyzaj alan\u0131na devrilen motosikletteki 2 ki\u015fi yaraland\u0131. Kaza, Bolvadin il\u00e7esi Ka\u00e7an Kav\u015fa\u011f\u0131 yak\u0131nlar\u0131nda meydana geldi. Edinilen bilgilere g\u00f6re, A.N., idaresindeki 03 AIP 350 plakal\u0131 motosiklet s\u00fcr\u00fcc\u00fcs\u00fcn\u00fcn hen\u00fcz belirlenemeyen bir sebepten \u00f6t\u00fcr\u00fc direksiyon hakimiyetini kaybetmesi sonucu kontrolden \u00e7\u0131kt\u0131. Motosiklet ard\u0131ndan yol kenar\u0131ndaki kald\u0131r\u0131ma \u00e7arp\u0131p peyzaj alan\u0131na devrildi. Yakla\u015f\u0131k&#8230;<\/p>\n","protected":false},"author":1,"featured_media":70944,"comment_status":"open","ping_status":"open","sticky":false,"template":"","format":"standard","meta":{"_crdt_document":"","footnotes":""},"categories":[5],"tags":[],"class_list":["post-70943","post","type-post","status-publish","format-standard","has-post-thumbnail","hentry","category-asayis"],"_links":{"self":[{"href":"https:\/\/www.egemtv.com\/index.php?rest_route=\/wp\/v2\/posts\/70943","targetHints":{"allow":["GET"]}}],"collection":[{"href":"https:\/\/www.egemtv.com\/index.php?rest_route=\/wp\/v2\/posts"}],"about":[{"href":"https:\/\/www.egemtv.com\/index.php?rest_route=\/wp\/v2\/types\/post"}],"author":[{"embeddable":true,"href":"https:\/\/www.egemtv.com\/index.php?rest_route=\/wp\/v2\/users\/1"}],"replies":[{"embeddable":true,"href":"https:\/\/www.egemtv.com\/index.php?rest_route=%2Fwp%2Fv2%2Fcomments&post=70943"}],"version-history":[{"count":1,"href":"https:\/\/www.egemtv.com\/index.php?rest_route=\/wp\/v2\/posts\/70943\/revisions"}],"predecessor-version":[{"id":70945,"href":"https:\/\/www.egemtv.com\/index.php?rest_route=\/wp\/v2\/posts\/70943\/revisions\/70945"}],"wp:featuredmedia":[{"embeddable":true,"href":"https:\/\/www.egemtv.com\/index.php?rest_route=\/wp\/v2\/media\/70944"}],"wp:attachment":[{"href":"https:\/\/www.egemtv.com\/index.php?rest_route=%2Fwp%2Fv2%2Fmedia&parent=70943"}],"wp:term":[{"taxonomy":"category","embeddable":true,"href":"https:\/\/www.egemtv.com\/index.php?rest_route=%2Fwp%2Fv2%2Fcategories&post=70943"},{"taxonomy":"post_tag","embeddable":true,"href":"https:\/\/www.egemtv.com\/index.php?rest_route=%2Fwp%2Fv2%2Ftags&post=70943"}],"curies":[{"name":"wp","href":"https:\/\/api.w.org\/{rel}","templated":true}]}}