{"id":70940,"date":"2025-11-29T11:14:58","date_gmt":"2025-11-29T08:14:58","guid":{"rendered":"https:\/\/www.egemtv.com\/?p=70940"},"modified":"2025-11-29T11:14:59","modified_gmt":"2025-11-29T08:14:59","slug":"bodrumu-saganak-yagis-vurdu","status":"publish","type":"post","link":"https:\/\/www.egemtv.com\/?p=70940","title":{"rendered":"Bodrum\u2019u sa\u011fanak ya\u011f\u0131\u015f vurdu"},"content":{"rendered":"<p>Mu\u011fla\u2019n\u0131n Bodrum il\u00e7esinde beklenen sa\u011fanak ya\u011f\u0131\u015f, sabah saatlerinde geldi. Ya\u011f\u0131\u015f esnas\u0131nda yollar dereye d\u00f6nerken ta\u015fan kanalizasyon nedeniyle bir evi su bast\u0131.<br \/>\n<br \/>Meteoroloji Genel M\u00fcd\u00fcrl\u00fc\u011f\u00fc\u2019n\u00fcn sa\u011fanak ya\u011f\u0131\u015f uyar\u0131s\u0131 yapt\u0131\u011f\u0131 Bodrum\u2019da aral\u0131klarla ya\u011f\u0131\u015f etkili oluyor. Ya\u011f\u0131\u015f esnas\u0131nda ana arterlerde ve baz\u0131 sokaklarda yo\u011fun su birikintisi olu\u015ftu, derelerin debisi y\u00fckseldi. Baz\u0131 b\u00f6lgelerde r\u00f6garlar ta\u015ft\u0131. \u00c7\u0131rkan Mahallesi Mehmet Efe Sokak\u2019taki kanalizasyon hatt\u0131nda ta\u015fma meydana geldi, sokaktaki bir evi at\u0131k su bast\u0131. Vatanda\u015flar, kendi imkanlar\u0131yla evi temizlemeye \u00e7al\u0131\u015ft\u0131. \u0130hbar\u0131n ard\u0131ndan MUSK\u0130 ve Bodrum Belediyesi ekipleri b\u00f6lgeye sevk edildi.<br \/>\n<br \/>Evini at\u0131k su basan Song\u00fcl Demir, bas\u0131n mensuplar\u0131na yapt\u0131\u011f\u0131 a\u00e7\u0131klamada, &#8220;Sabah bir uyand\u0131m, elektrikler \u0131\u015f\u0131k vermeye ba\u015flad\u0131. \u0130lk \u00f6nce d\u0131\u015far\u0131da ya\u011fmur ya\u011fd\u0131\u011f\u0131 i\u00e7in diye d\u00fc\u015f\u00fcnd\u00fcm. Sonra hemen \u00e7ocu\u011funa odas\u0131na gittim, \u015falteri kapatt\u0131m. Evimin her yerini su bast\u0131. Kanalizasyon hatt\u0131 t\u0131kand\u0131\u011f\u0131 i\u00e7in direkt buraya vurdu. Bizim ev yol hizas\u0131n\u0131n alt\u0131nda oldu\u011fu i\u00e7in hep bu s\u0131k\u0131nt\u0131y\u0131 ya\u015f\u0131yorum&#8221; dedi.<br \/>\n<br \/>\u00d6te yandan, il\u00e7ede etkili olan f\u0131rt\u0131na sebebiyle Bodrum ile Dat\u00e7a aras\u0131ndaki feribot seferleri iptal edildi.<br \/><\/p>\n","protected":false},"excerpt":{"rendered":"<p>Mu\u011fla\u2019n\u0131n Bodrum il\u00e7esinde beklenen sa\u011fanak ya\u011f\u0131\u015f, sabah saatlerinde geldi. Ya\u011f\u0131\u015f esnas\u0131nda yollar dereye d\u00f6nerken ta\u015fan kanalizasyon nedeniyle bir evi su bast\u0131. Meteoroloji Genel M\u00fcd\u00fcrl\u00fc\u011f\u00fc\u2019n\u00fcn sa\u011fanak ya\u011f\u0131\u015f uyar\u0131s\u0131 yapt\u0131\u011f\u0131 Bodrum\u2019da aral\u0131klarla ya\u011f\u0131\u015f etkili oluyor. Ya\u011f\u0131\u015f esnas\u0131nda ana arterlerde ve baz\u0131 sokaklarda yo\u011fun su birikintisi olu\u015ftu, derelerin debisi y\u00fckseldi. Baz\u0131 b\u00f6lgelerde r\u00f6garlar ta\u015ft\u0131. \u00c7\u0131rkan Mahallesi Mehmet Efe&#8230;<\/p>\n","protected":false},"author":1,"featured_media":70941,"comment_status":"open","ping_status":"open","sticky":false,"template":"","format":"standard","meta":{"_crdt_document":"","footnotes":""},"categories":[1],"tags":[],"class_list":["post-70940","post","type-post","status-publish","format-standard","has-post-thumbnail","hentry","category-guncel"],"_links":{"self":[{"href":"https:\/\/www.egemtv.com\/index.php?rest_route=\/wp\/v2\/posts\/70940","targetHints":{"allow":["GET"]}}],"collection":[{"href":"https:\/\/www.egemtv.com\/index.php?rest_route=\/wp\/v2\/posts"}],"about":[{"href":"https:\/\/www.egemtv.com\/index.php?rest_route=\/wp\/v2\/types\/post"}],"author":[{"embeddable":true,"href":"https:\/\/www.egemtv.com\/index.php?rest_route=\/wp\/v2\/users\/1"}],"replies":[{"embeddable":true,"href":"https:\/\/www.egemtv.com\/index.php?rest_route=%2Fwp%2Fv2%2Fcomments&post=70940"}],"version-history":[{"count":1,"href":"https:\/\/www.egemtv.com\/index.php?rest_route=\/wp\/v2\/posts\/70940\/revisions"}],"predecessor-version":[{"id":70942,"href":"https:\/\/www.egemtv.com\/index.php?rest_route=\/wp\/v2\/posts\/70940\/revisions\/70942"}],"wp:featuredmedia":[{"embeddable":true,"href":"https:\/\/www.egemtv.com\/index.php?rest_route=\/wp\/v2\/media\/70941"}],"wp:attachment":[{"href":"https:\/\/www.egemtv.com\/index.php?rest_route=%2Fwp%2Fv2%2Fmedia&parent=70940"}],"wp:term":[{"taxonomy":"category","embeddable":true,"href":"https:\/\/www.egemtv.com\/index.php?rest_route=%2Fwp%2Fv2%2Fcategories&post=70940"},{"taxonomy":"post_tag","embeddable":true,"href":"https:\/\/www.egemtv.com\/index.php?rest_route=%2Fwp%2Fv2%2Ftags&post=70940"}],"curies":[{"name":"wp","href":"https:\/\/api.w.org\/{rel}","templated":true}]}}