{"id":70937,"date":"2025-11-29T11:14:57","date_gmt":"2025-11-29T08:14:57","guid":{"rendered":"https:\/\/www.egemtv.com\/?p=70937"},"modified":"2025-11-29T11:14:58","modified_gmt":"2025-11-29T08:14:58","slug":"muglada-ogretmenler-arasi-spor-turnuvalarinin-odul-toreni-coskuyla-gerceklesti","status":"publish","type":"post","link":"https:\/\/www.egemtv.com\/?p=70937","title":{"rendered":"Mu\u011fla\u2019da \u00f6\u011fretmenler aras\u0131 spor turnuvalar\u0131n\u0131n \u00f6d\u00fcl t\u00f6reni co\u015fkuyla ger\u00e7ekle\u015fti"},"content":{"rendered":"<p>Mu\u011fla \u0130l Milli E\u011fitim M\u00fcd\u00fcrl\u00fc\u011f\u00fc taraf\u0131ndan \u00f6\u011fretmenlerin sosyal dayan\u0131\u015fmas\u0131n\u0131 g\u00fc\u00e7lendirmek, motivasyonlar\u0131n\u0131 art\u0131rmak ve keyifli bir ortam olu\u015fturmak amac\u0131yla d\u00fczenlenen Futsal, Voleybol, Masa Tenisi ve Dart turnuvalar\u0131n\u0131n \u00f6d\u00fcl t\u00f6reni, Mente\u015fe \u00d6\u011fretmenevi\u2019nde b\u00fcy\u00fck bir co\u015fkuyla yap\u0131ld\u0131.<br \/>\n<br \/>Sporun birle\u015ftirici ruhunu sahaya yans\u0131tarak turnuvalarda \u00fcst\u00fcn performans sergileyen \u00f6\u011fretmenlere \u00f6d\u00fclleri takdim edildi. Dereceye giren \u00f6\u011fretmenlere kupa, madalya ve te\u015fekk\u00fcr belgeleri, \u0130l Milli E\u011fitim M\u00fcd\u00fcr\u00fc Emre \u00c7ay ve \u0130l\u00e7e Milli E\u011fitim M\u00fcd\u00fcr\u00fc \u0130dris K\u00f6m\u00fcrc\u00fc taraf\u0131ndan verildi.<\/p>\n<p>Mu\u011fla \u0130l Milli E\u011fitim M\u00fcd\u00fcrl\u00fc\u011f\u00fc, bu anlaml\u0131 etkinliklere kat\u0131l\u0131m sa\u011flayan, emek veren ve ba\u015far\u0131lar\u0131yla fark olu\u015fturan t\u00fcm \u00f6\u011fretmenleri g\u00f6n\u00fclden tebrik ederek, e\u011fitim camias\u0131na sunduklar\u0131 de\u011fer, \u00f6zveri ve katk\u0131lar i\u00e7in te\u015fekk\u00fcrlerini iletti. Etkinliklere ev sahipli\u011fi yapan Mente\u015fe Spor Lisesi M\u00fcd\u00fcrl\u00fc\u011f\u00fc ve Mu\u011fla Sosyal Bilimler Lisesi M\u00fcd\u00fcrl\u00fc\u011f\u00fc\u2019ne, m\u00fcsabakalarda g\u00f6rev alan hakem \u00f6\u011fretmenlere ve katk\u0131lar\u0131ndan dolay\u0131 Mente\u015fe Spor Lisesi M\u00fcd\u00fcr\u00fc Serkan Esen\u2019e ayr\u0131ca te\u015fekk\u00fcr edildi.<br \/><\/p>\n","protected":false},"excerpt":{"rendered":"<p>Mu\u011fla \u0130l Milli E\u011fitim M\u00fcd\u00fcrl\u00fc\u011f\u00fc taraf\u0131ndan \u00f6\u011fretmenlerin sosyal dayan\u0131\u015fmas\u0131n\u0131 g\u00fc\u00e7lendirmek, motivasyonlar\u0131n\u0131 art\u0131rmak ve keyifli bir ortam olu\u015fturmak amac\u0131yla d\u00fczenlenen Futsal, Voleybol, Masa Tenisi ve Dart turnuvalar\u0131n\u0131n \u00f6d\u00fcl t\u00f6reni, Mente\u015fe \u00d6\u011fretmenevi\u2019nde b\u00fcy\u00fck bir co\u015fkuyla yap\u0131ld\u0131. Sporun birle\u015ftirici ruhunu sahaya yans\u0131tarak turnuvalarda \u00fcst\u00fcn performans sergileyen \u00f6\u011fretmenlere \u00f6d\u00fclleri takdim edildi. Dereceye giren \u00f6\u011fretmenlere kupa, madalya ve te\u015fekk\u00fcr belgeleri,&#8230;<\/p>\n","protected":false},"author":1,"featured_media":70938,"comment_status":"open","ping_status":"open","sticky":false,"template":"","format":"standard","meta":{"_crdt_document":"","footnotes":""},"categories":[1],"tags":[],"class_list":["post-70937","post","type-post","status-publish","format-standard","has-post-thumbnail","hentry","category-guncel"],"_links":{"self":[{"href":"https:\/\/www.egemtv.com\/index.php?rest_route=\/wp\/v2\/posts\/70937","targetHints":{"allow":["GET"]}}],"collection":[{"href":"https:\/\/www.egemtv.com\/index.php?rest_route=\/wp\/v2\/posts"}],"about":[{"href":"https:\/\/www.egemtv.com\/index.php?rest_route=\/wp\/v2\/types\/post"}],"author":[{"embeddable":true,"href":"https:\/\/www.egemtv.com\/index.php?rest_route=\/wp\/v2\/users\/1"}],"replies":[{"embeddable":true,"href":"https:\/\/www.egemtv.com\/index.php?rest_route=%2Fwp%2Fv2%2Fcomments&post=70937"}],"version-history":[{"count":1,"href":"https:\/\/www.egemtv.com\/index.php?rest_route=\/wp\/v2\/posts\/70937\/revisions"}],"predecessor-version":[{"id":70939,"href":"https:\/\/www.egemtv.com\/index.php?rest_route=\/wp\/v2\/posts\/70937\/revisions\/70939"}],"wp:featuredmedia":[{"embeddable":true,"href":"https:\/\/www.egemtv.com\/index.php?rest_route=\/wp\/v2\/media\/70938"}],"wp:attachment":[{"href":"https:\/\/www.egemtv.com\/index.php?rest_route=%2Fwp%2Fv2%2Fmedia&parent=70937"}],"wp:term":[{"taxonomy":"category","embeddable":true,"href":"https:\/\/www.egemtv.com\/index.php?rest_route=%2Fwp%2Fv2%2Fcategories&post=70937"},{"taxonomy":"post_tag","embeddable":true,"href":"https:\/\/www.egemtv.com\/index.php?rest_route=%2Fwp%2Fv2%2Ftags&post=70937"}],"curies":[{"name":"wp","href":"https:\/\/api.w.org\/{rel}","templated":true}]}}