{"id":70934,"date":"2025-11-29T11:14:56","date_gmt":"2025-11-29T08:14:56","guid":{"rendered":"https:\/\/www.egemtv.com\/?p=70934"},"modified":"2025-11-29T11:14:57","modified_gmt":"2025-11-29T08:14:57","slug":"takla-atan-tofasin-surucusu-hayatini-kaybetti","status":"publish","type":"post","link":"https:\/\/www.egemtv.com\/?p=70934","title":{"rendered":"Takla atan Tofa\u015f\u2019\u0131n s\u00fcr\u00fcc\u00fcs\u00fc hayat\u0131n\u0131 kaybetti"},"content":{"rendered":"<p>Afyonkarahisar\u2019da kontrolden \u00e7\u0131karak takla at\u0131p \u015farampole yuvarlanan Tofa\u015f marka otomobilin 21 ya\u015f\u0131ndaki s\u00fcr\u00fcc\u00fcs\u00fc kald\u0131r\u0131ld\u0131\u011f\u0131 hastanede hayat\u0131n\u0131 kaybetti.<br \/>\n<br \/>Kaza, \u0130hsaniye il\u00e7esi Cumal\u0131 k\u00f6y\u00fc yak\u0131nlar\u0131nda meydana geldi. Edinilen bilgilere g\u00f6re, A.C. (21) idaresindeki 45 SB 7909 plakal\u0131 Tofa\u015f marka otomobil s\u00fcr\u00fcc\u00fcs\u00fcn\u00fcn hen\u00fcz belirlenemeyen bir sebepten \u00f6t\u00fcr\u00fc direksiyon hakimiyetini kaybetmesi sonras\u0131 kontrolden \u00e7\u0131kt\u0131. Savrulan ara\u00e7 ard\u0131ndan taklalar atarak \u015farampole yuvarland\u0131. Kazada otomobil s\u00fcr\u00fcc\u00fcs\u00fc A.C., a\u011f\u0131r yaraland\u0131. Yaralanan s\u00fcr\u00fcc\u00fc kaza sonras\u0131 \u00e7evredekilerin haber vermesi \u00fczerine olay yerine gelen ambulansla hastaneye kald\u0131r\u0131ld\u0131. Talihsiz s\u00fcr\u00fcc\u00fc burada yap\u0131lan m\u00fcdahaleye ra\u011fmen kurtar\u0131lamayarak hayat\u0131n\u0131 kaybetti.<br \/>\n<br \/>Kazan\u0131n ard\u0131ndan savc\u0131l\u0131k taraf\u0131ndan soru\u015fturma ba\u015flat\u0131ld\u0131\u011f\u0131 bildirildi.<br \/><\/p>\n","protected":false},"excerpt":{"rendered":"<p>Afyonkarahisar\u2019da kontrolden \u00e7\u0131karak takla at\u0131p \u015farampole yuvarlanan Tofa\u015f marka otomobilin 21 ya\u015f\u0131ndaki s\u00fcr\u00fcc\u00fcs\u00fc kald\u0131r\u0131ld\u0131\u011f\u0131 hastanede hayat\u0131n\u0131 kaybetti. Kaza, \u0130hsaniye il\u00e7esi Cumal\u0131 k\u00f6y\u00fc yak\u0131nlar\u0131nda meydana geldi. Edinilen bilgilere g\u00f6re, A.C. (21) idaresindeki 45 SB 7909 plakal\u0131 Tofa\u015f marka otomobil s\u00fcr\u00fcc\u00fcs\u00fcn\u00fcn hen\u00fcz belirlenemeyen bir sebepten \u00f6t\u00fcr\u00fc direksiyon hakimiyetini kaybetmesi sonras\u0131 kontrolden \u00e7\u0131kt\u0131. Savrulan ara\u00e7 ard\u0131ndan taklalar atarak&#8230;<\/p>\n","protected":false},"author":1,"featured_media":70935,"comment_status":"open","ping_status":"open","sticky":false,"template":"","format":"standard","meta":{"_crdt_document":"","footnotes":""},"categories":[5],"tags":[],"class_list":["post-70934","post","type-post","status-publish","format-standard","has-post-thumbnail","hentry","category-asayis"],"_links":{"self":[{"href":"https:\/\/www.egemtv.com\/index.php?rest_route=\/wp\/v2\/posts\/70934","targetHints":{"allow":["GET"]}}],"collection":[{"href":"https:\/\/www.egemtv.com\/index.php?rest_route=\/wp\/v2\/posts"}],"about":[{"href":"https:\/\/www.egemtv.com\/index.php?rest_route=\/wp\/v2\/types\/post"}],"author":[{"embeddable":true,"href":"https:\/\/www.egemtv.com\/index.php?rest_route=\/wp\/v2\/users\/1"}],"replies":[{"embeddable":true,"href":"https:\/\/www.egemtv.com\/index.php?rest_route=%2Fwp%2Fv2%2Fcomments&post=70934"}],"version-history":[{"count":1,"href":"https:\/\/www.egemtv.com\/index.php?rest_route=\/wp\/v2\/posts\/70934\/revisions"}],"predecessor-version":[{"id":70936,"href":"https:\/\/www.egemtv.com\/index.php?rest_route=\/wp\/v2\/posts\/70934\/revisions\/70936"}],"wp:featuredmedia":[{"embeddable":true,"href":"https:\/\/www.egemtv.com\/index.php?rest_route=\/wp\/v2\/media\/70935"}],"wp:attachment":[{"href":"https:\/\/www.egemtv.com\/index.php?rest_route=%2Fwp%2Fv2%2Fmedia&parent=70934"}],"wp:term":[{"taxonomy":"category","embeddable":true,"href":"https:\/\/www.egemtv.com\/index.php?rest_route=%2Fwp%2Fv2%2Fcategories&post=70934"},{"taxonomy":"post_tag","embeddable":true,"href":"https:\/\/www.egemtv.com\/index.php?rest_route=%2Fwp%2Fv2%2Ftags&post=70934"}],"curies":[{"name":"wp","href":"https:\/\/api.w.org\/{rel}","templated":true}]}}