{"id":70931,"date":"2025-11-29T11:14:55","date_gmt":"2025-11-29T08:14:55","guid":{"rendered":"https:\/\/www.egemtv.com\/?p=70931"},"modified":"2025-11-29T11:14:56","modified_gmt":"2025-11-29T08:14:56","slug":"karacasuda-gida-guvenligi-denetimleri-artirildi","status":"publish","type":"post","link":"https:\/\/www.egemtv.com\/?p=70931","title":{"rendered":"Karacasu\u2019da g\u0131da g\u00fcvenli\u011fi denetimleri art\u0131r\u0131ld\u0131"},"content":{"rendered":"<p>Karacasu \u0130l\u00e7e Tar\u0131m ve Orman M\u00fcd\u00fcrl\u00fc\u011f\u00fc, y\u00fcksek riskli g\u0131da \u00fcr\u00fcnlerine y\u00f6nelik denetimlerini s\u0131kla\u015ft\u0131rarak halk sa\u011fl\u0131\u011f\u0131n\u0131n korunmas\u0131 i\u00e7in kapsaml\u0131 kontroller ger\u00e7ekle\u015ftirdi.<br \/>\n<br \/>Karacasu\u2019da g\u0131da g\u00fcvenli\u011fini sa\u011flamak amac\u0131yla y\u00fcr\u00fct\u00fclen resmi kontroller, \u0130l\u00e7e Tar\u0131m ve Orman M\u00fcd\u00fcrl\u00fc\u011f\u00fc ekipleri taraf\u0131ndan yo\u011funla\u015ft\u0131r\u0131ld\u0131. Bakanl\u0131k G\u0131da ve Kontrol Genel M\u00fcd\u00fcrl\u00fc\u011f\u00fc\u2019n\u00fcn 81 ili kapsayan program\u0131 do\u011frultusunda ger\u00e7ekle\u015ftirilen \u00e7al\u0131\u015fmalarda, et, tavuk ve s\u00fct \u00fcr\u00fcnleri gibi y\u00fcksek risk ta\u015f\u0131yan hayvansal g\u0131dalar\u0131n sat\u0131\u015fa sunuldu\u011fu i\u015fletmeler ile toplu t\u00fcketim yerleri detayl\u0131 \u015fekilde denetlendi. G\u0131da Kontrol G\u00f6revlileri, i\u015fletmelerde \u00fcr\u00fcnlerin son t\u00fcketim tarihlerini, muhafaza ko\u015fullar\u0131n\u0131, bozulma ve bula\u015fma risklerini ve hijyen standartlar\u0131na uygunlu\u011funu tek tek inceledi. Yap\u0131lan denetimlerde vatanda\u015flar\u0131n sa\u011fl\u0131\u011f\u0131n\u0131 tehdit edebilecek herhangi bir olumsuzlu\u011fa kar\u015f\u0131 gerekli uyar\u0131lar yap\u0131l\u0131rken, mevzuata ayk\u0131r\u0131 durumlara ili\u015fkin i\u015flemler ba\u015flat\u0131ld\u0131. Karacasu \u0130l\u00e7e Tar\u0131m ve Orman M\u00fcd\u00fcrl\u00fc\u011f\u00fc yapt\u0131\u011f\u0131 a\u00e7\u0131klamada g\u0131da g\u00fcvenli\u011fi i\u00e7in d\u00fczenli kontrollerin s\u00fcrece\u011fini belirterek vatanda\u015flar\u0131n da \u015f\u00fcpheli durumlarda M\u00fcd\u00fcrl\u00fc\u011fe bildirimde bulunmalar\u0131n\u0131 istedi.<br \/><\/p>\n","protected":false},"excerpt":{"rendered":"<p>Karacasu \u0130l\u00e7e Tar\u0131m ve Orman M\u00fcd\u00fcrl\u00fc\u011f\u00fc, y\u00fcksek riskli g\u0131da \u00fcr\u00fcnlerine y\u00f6nelik denetimlerini s\u0131kla\u015ft\u0131rarak halk sa\u011fl\u0131\u011f\u0131n\u0131n korunmas\u0131 i\u00e7in kapsaml\u0131 kontroller ger\u00e7ekle\u015ftirdi. Karacasu\u2019da g\u0131da g\u00fcvenli\u011fini sa\u011flamak amac\u0131yla y\u00fcr\u00fct\u00fclen resmi kontroller, \u0130l\u00e7e Tar\u0131m ve Orman M\u00fcd\u00fcrl\u00fc\u011f\u00fc ekipleri taraf\u0131ndan yo\u011funla\u015ft\u0131r\u0131ld\u0131. Bakanl\u0131k G\u0131da ve Kontrol Genel M\u00fcd\u00fcrl\u00fc\u011f\u00fc\u2019n\u00fcn 81 ili kapsayan program\u0131 do\u011frultusunda ger\u00e7ekle\u015ftirilen \u00e7al\u0131\u015fmalarda, et, tavuk ve s\u00fct \u00fcr\u00fcnleri gibi&#8230;<\/p>\n","protected":false},"author":1,"featured_media":70932,"comment_status":"open","ping_status":"open","sticky":false,"template":"","format":"standard","meta":{"_crdt_document":"","footnotes":""},"categories":[1],"tags":[],"class_list":["post-70931","post","type-post","status-publish","format-standard","has-post-thumbnail","hentry","category-guncel"],"_links":{"self":[{"href":"https:\/\/www.egemtv.com\/index.php?rest_route=\/wp\/v2\/posts\/70931","targetHints":{"allow":["GET"]}}],"collection":[{"href":"https:\/\/www.egemtv.com\/index.php?rest_route=\/wp\/v2\/posts"}],"about":[{"href":"https:\/\/www.egemtv.com\/index.php?rest_route=\/wp\/v2\/types\/post"}],"author":[{"embeddable":true,"href":"https:\/\/www.egemtv.com\/index.php?rest_route=\/wp\/v2\/users\/1"}],"replies":[{"embeddable":true,"href":"https:\/\/www.egemtv.com\/index.php?rest_route=%2Fwp%2Fv2%2Fcomments&post=70931"}],"version-history":[{"count":1,"href":"https:\/\/www.egemtv.com\/index.php?rest_route=\/wp\/v2\/posts\/70931\/revisions"}],"predecessor-version":[{"id":70933,"href":"https:\/\/www.egemtv.com\/index.php?rest_route=\/wp\/v2\/posts\/70931\/revisions\/70933"}],"wp:featuredmedia":[{"embeddable":true,"href":"https:\/\/www.egemtv.com\/index.php?rest_route=\/wp\/v2\/media\/70932"}],"wp:attachment":[{"href":"https:\/\/www.egemtv.com\/index.php?rest_route=%2Fwp%2Fv2%2Fmedia&parent=70931"}],"wp:term":[{"taxonomy":"category","embeddable":true,"href":"https:\/\/www.egemtv.com\/index.php?rest_route=%2Fwp%2Fv2%2Fcategories&post=70931"},{"taxonomy":"post_tag","embeddable":true,"href":"https:\/\/www.egemtv.com\/index.php?rest_route=%2Fwp%2Fv2%2Ftags&post=70931"}],"curies":[{"name":"wp","href":"https:\/\/api.w.org\/{rel}","templated":true}]}}