{"id":70928,"date":"2025-11-29T10:54:44","date_gmt":"2025-11-29T07:54:44","guid":{"rendered":"https:\/\/www.egemtv.com\/?p=70928"},"modified":"2025-11-29T10:54:44","modified_gmt":"2025-11-29T07:54:44","slug":"olay-yeri-inceleme-ekipleri-2025-yilinda-1386-parmak-izi-tespiti-yapti","status":"publish","type":"post","link":"https:\/\/www.egemtv.com\/?p=70928","title":{"rendered":"Olay yeri inceleme ekipleri 2025 y\u0131l\u0131nda 1386 parmak izi tespiti yapt\u0131"},"content":{"rendered":"<p>Afyonkarahisar \u0130l Emniyet M\u00fcd\u00fcrl\u00fc\u011f\u00fc olay yeri inceleme ekiplerinin 2025 y\u0131l\u0131n\u0131n 11 ay\u0131nda toplam 1386 parmak izi tespiti yapt\u0131\u011f\u0131 belirtildi.<br \/>\n<br \/>Afyonkarahisar \u0130l Emniyet M\u00fcd\u00fcrl\u00fc\u011f\u00fc\u2019nden yap\u0131lan yaz\u0131la a\u00e7\u0131klamada, olay yeri inceleme ekiplerinin fedakarca g\u00f6rev yapt\u0131klar\u0131 kaydedildi. A\u00e7\u0131klamada &#8220;M\u00fcd\u00fcrl\u00fc\u011f\u00fcm\u00fcz b\u00fcnyesinde fedak\u00e2rca g\u00f6rev yapan Olay Yeri \u0130nceleme \u015eube M\u00fcd\u00fcrl\u00fc\u011f\u00fc personelimiz taraf\u0131ndan 2025 y\u0131l\u0131 i\u00e7erisinde y\u00fcr\u00fct\u00fclen \u00e7al\u0131\u015fmalarda birine ula\u015fan 1210 olayda toplam1386 ba\u015far\u0131l\u0131 parmak izi tespiti ger\u00e7ekle\u015ftirilmi\u015ftir. Su\u00e7 ve su\u00e7luya kar\u015f\u0131 y\u00fcr\u00fctt\u00fc\u011f\u00fcm\u00fcz kararl\u0131 m\u00fccadelenin en \u00f6nemli ad\u0131mlar\u0131ndan biri olan bu tespitler, olaylar\u0131n ayd\u0131nlat\u0131lmas\u0131na ve su\u00e7lular\u0131n adalet \u00f6n\u00fcne \u00e7\u0131kar\u0131lmas\u0131na b\u00fcy\u00fck katk\u0131 sa\u011flam\u0131\u015ft\u0131r. Olay yeri inceleme uzmanlar\u0131m\u0131z, bilimsel y\u00f6ntemleri titizlikle uygulayarak en k\u00fc\u00e7\u00fck ayr\u0131nt\u0131y\u0131 dahi g\u00f6zden ka\u00e7\u0131rmadan \u00e7al\u0131\u015fmalar\u0131n\u0131 s\u00fcrd\u00fcrmektedir. \u2019Her detay bir delildir\u2019 anlay\u0131\u015f\u0131yla g\u00f6rev yapan bu uzman ekiplerimiz, Afyonkarahisar\u2019\u0131m\u0131z\u0131n huzur ve g\u00fcvenli\u011fi i\u00e7in mesai mefhumu g\u00f6zetmeksizin b\u00fcy\u00fck bir \u00f6zveri ile \u00e7al\u0131\u015fmaktad\u0131r.<br \/>\n<br \/>Ayn\u0131 \u015fekilde, cesaretin z\u0131rh\u0131n\u0131 ku\u015fanm\u0131\u015f bomba imha uzmanlar\u0131m\u0131z ve en hassas kokuyu dahi tespit edebilen bomba arama k\u00f6peklerimiz, vatanda\u015flar\u0131m\u0131z\u0131n g\u00fcvenli\u011fini sa\u011flamak ad\u0131na en riskli g\u00f6revlerin \u00fcstesinden ba\u015far\u0131yla gelmekte; her an, her ko\u015fulda y\u00fcksek motivasyon ve profesyonellik sergilemektedir&#8221; ifadelerine yer verildi.<br \/><\/p>\n","protected":false},"excerpt":{"rendered":"<p>Afyonkarahisar \u0130l Emniyet M\u00fcd\u00fcrl\u00fc\u011f\u00fc olay yeri inceleme ekiplerinin 2025 y\u0131l\u0131n\u0131n 11 ay\u0131nda toplam 1386 parmak izi tespiti yapt\u0131\u011f\u0131 belirtildi. Afyonkarahisar \u0130l Emniyet M\u00fcd\u00fcrl\u00fc\u011f\u00fc\u2019nden yap\u0131lan yaz\u0131la a\u00e7\u0131klamada, olay yeri inceleme ekiplerinin fedakarca g\u00f6rev yapt\u0131klar\u0131 kaydedildi. A\u00e7\u0131klamada &#8220;M\u00fcd\u00fcrl\u00fc\u011f\u00fcm\u00fcz b\u00fcnyesinde fedak\u00e2rca g\u00f6rev yapan Olay Yeri \u0130nceleme \u015eube M\u00fcd\u00fcrl\u00fc\u011f\u00fc personelimiz taraf\u0131ndan 2025 y\u0131l\u0131 i\u00e7erisinde y\u00fcr\u00fct\u00fclen \u00e7al\u0131\u015fmalarda birine ula\u015fan 1210&#8230;<\/p>\n","protected":false},"author":1,"featured_media":70929,"comment_status":"open","ping_status":"open","sticky":false,"template":"","format":"standard","meta":{"_crdt_document":"","footnotes":""},"categories":[1],"tags":[],"class_list":["post-70928","post","type-post","status-publish","format-standard","has-post-thumbnail","hentry","category-guncel"],"_links":{"self":[{"href":"https:\/\/www.egemtv.com\/index.php?rest_route=\/wp\/v2\/posts\/70928","targetHints":{"allow":["GET"]}}],"collection":[{"href":"https:\/\/www.egemtv.com\/index.php?rest_route=\/wp\/v2\/posts"}],"about":[{"href":"https:\/\/www.egemtv.com\/index.php?rest_route=\/wp\/v2\/types\/post"}],"author":[{"embeddable":true,"href":"https:\/\/www.egemtv.com\/index.php?rest_route=\/wp\/v2\/users\/1"}],"replies":[{"embeddable":true,"href":"https:\/\/www.egemtv.com\/index.php?rest_route=%2Fwp%2Fv2%2Fcomments&post=70928"}],"version-history":[{"count":1,"href":"https:\/\/www.egemtv.com\/index.php?rest_route=\/wp\/v2\/posts\/70928\/revisions"}],"predecessor-version":[{"id":70930,"href":"https:\/\/www.egemtv.com\/index.php?rest_route=\/wp\/v2\/posts\/70928\/revisions\/70930"}],"wp:featuredmedia":[{"embeddable":true,"href":"https:\/\/www.egemtv.com\/index.php?rest_route=\/wp\/v2\/media\/70929"}],"wp:attachment":[{"href":"https:\/\/www.egemtv.com\/index.php?rest_route=%2Fwp%2Fv2%2Fmedia&parent=70928"}],"wp:term":[{"taxonomy":"category","embeddable":true,"href":"https:\/\/www.egemtv.com\/index.php?rest_route=%2Fwp%2Fv2%2Fcategories&post=70928"},{"taxonomy":"post_tag","embeddable":true,"href":"https:\/\/www.egemtv.com\/index.php?rest_route=%2Fwp%2Fv2%2Ftags&post=70928"}],"curies":[{"name":"wp","href":"https:\/\/api.w.org\/{rel}","templated":true}]}}