{"id":70925,"date":"2025-11-29T10:34:47","date_gmt":"2025-11-29T07:34:47","guid":{"rendered":"https:\/\/www.egemtv.com\/?p=70925"},"modified":"2025-11-29T10:34:48","modified_gmt":"2025-11-29T07:34:48","slug":"manisa-medya-akademisinde-ilk-ders-yapay-zeka-haberciligi-oldu","status":"publish","type":"post","link":"https:\/\/www.egemtv.com\/?p=70925","title":{"rendered":"Manisa Medya Akademisinde ilk ders \u2018Yapay zeka habercili\u011fi\u2019 oldu"},"content":{"rendered":"<p>\u0130\u00e7i\u015fleri Bakanl\u0131\u011f\u0131 Sivil Toplumla \u0130li\u015fkiler Genel M\u00fcd\u00fcrl\u00fc\u011f\u00fcn\u00fcn deste\u011fiyle Manisa Gazeteciler Cemiyeti taraf\u0131ndan hayata ge\u00e7irilen ve Manisa Celal Bayar \u00dcniversitesi\u2019nin payda\u015f oldu\u011fu Manisa Medya Akademisi Projesinde ilk dersin konusu \u2018Yapay zeka habercili\u011fi\u2019 oldu.<br \/>\n<br \/>Yerel bas\u0131nda dijital d\u00f6n\u00fc\u015f\u00fcm\u00fc h\u0131zland\u0131rmay\u0131, gazetecilerin mesleki yetkinliklerini art\u0131rmay\u0131 ve yeni nesil habercilik becerileri kazand\u0131rmay\u0131 hedefleyen Manisa Medya Akademisi ba\u015flad\u0131. Proje kapsam\u0131ndaki ilk e\u011fitim MCB\u00dc \u0130leti\u015fim Fak\u00fcltesi Dekan Yard\u0131mc\u0131s\u0131 Do\u00e7. Dr. H. G\u00f6ker G\u00fclay taraf\u0131ndan \u2019Yapay zeka habercili\u011fi\u2019 ba\u015fl\u0131\u011f\u0131yla ger\u00e7ekle\u015ftirildi.<br \/>\n<br \/>T\u00fcrk K\u0131z\u0131lay Manisa \u0130l Ba\u015fkanl\u0131\u011f\u0131 binas\u0131nda d\u00fczenlenen ilk ders, MCB\u00dc \u0130leti\u015fim Fak\u00fcltesi Dekan Yard\u0131mc\u0131s\u0131 Do\u00e7. Dr. H. G\u00f6ker G\u00fclay taraf\u0131ndan verildi. G\u00fclay, yapay zekan\u0131n habercilikteki en pratik kullan\u0131m alanlar\u0131n\u0131, h\u0131zl\u0131 ve etkin haber \u00fcretimindeki avantajlar\u0131n\u0131 ve mesleki d\u00f6n\u00fc\u015f\u00fcm s\u00fcrecine olan etkilerini \u00f6rnekler \u00fczerinden aktard\u0131.<br \/>\n<br \/>E\u011fitime; MCB\u00dc S\u00fcrekli E\u011fitim Merkezi M\u00fcd\u00fcr\u00fc Dr. \u00d6\u011fr. \u00dcyesi Cenk Yolda\u015f, T\u00fcrk K\u0131z\u0131lay Manisa \u0130l Merkezi Ba\u015fkan\u0131 \u00d6ner G\u00fcrsel, Manisa Gazeteciler Cemiyeti Ba\u015fkan\u0131 \u00d6nder Ayd\u0131n ve y\u00f6netimi ile \u00e7ok say\u0131da gazeteci yer ald\u0131. Programa kat\u0131lan gazeteciler, yapay zeka destekli ara\u00e7lar\u0131n haber \u00fcretim s\u00fcre\u00e7lerinde nas\u0131l kullan\u0131labilece\u011fine dair uygulamal\u0131 bilgiler edinirken, dijitalle\u015fen medya ortam\u0131na uyum sa\u011flama konusunda \u00f6nemli bir fark\u0131ndal\u0131k kazand\u0131.<br \/>\n<br \/>Kat\u0131l\u0131mc\u0131lar, e\u011fitimin mesleki geli\u015fimlerine \u00f6nemli katk\u0131 sundu\u011funu belirterek, Manisa Medya Akademisi\u2019nin sekt\u00f6re kazand\u0131raca\u011f\u0131 de\u011ferin alt\u0131n\u0131 \u00e7izdi. Manisa Medya Akademisi kapsam\u0131nda ilerleyen s\u00fcre\u00e7te; haber yaz\u0131m teknikleri, yapay zeka destekli i\u00e7erik \u00fcretimi, kriz d\u00f6nemlerinde do\u011fru bilgi y\u00f6netimi, sosyal medya habercili\u011fi, dron kullan\u0131m\u0131 ve medya hukuku gibi alanlarda sertifikal\u0131 e\u011fitimler verilecek. Proje, T\u00fcrkiye genelinde yerel bas\u0131na \u00f6rnek olu\u015fturacak nitelikte bir dijital d\u00f6n\u00fc\u015f\u00fcm hamlesi olarak de\u011ferlendiriliyor.<\/p>\n<p>&#8220;\u0130leti\u015fimi ve diyaloglar\u0131 g\u00fc\u00e7lendiriyor&#8221;<br \/>\n<br \/>MCB\u00dc S\u00fcrekli E\u011fitim Merkezi M\u00fcd\u00fcr\u00fc Dr. \u00d6\u011fr. \u00dcyesi Cenk Yolda\u015f, bu t\u00fcr \u00f6nemli projelerin devam etmesi i\u00e7in \u00e7al\u0131\u015fmalara \u00f6zen g\u00f6sterdiklerini ifade etti. Yolda\u015f, &#8220;Manisal\u0131 gazetecilerin bu g\u00fczel projeye dahil olmas\u0131 \u00e7ok g\u00fczel ve \u00f6nemli olarak g\u00f6r\u00fcyorum. Bu t\u00fcr projeler ileti\u015fimi ve diyaloglar\u0131 g\u00fc\u00e7lendiriyor&#8221; diye konu\u015ftu.<br \/>\n<br \/>Manisa Gazeteciler Cemiyeti Ba\u015fkan\u0131 \u00d6nder Ayd\u0131n, projeye kat\u0131l\u0131m sa\u011flayan herkese te\u015fekk\u00fcr ederek, &#8220;Bu g\u00fczel projede bize destek olan payda\u015flar\u0131m\u0131za \u00e7ok te\u015fekk\u00fcr ediyorum. Sizlerle bu t\u00fcr projelerle s\u00fcrekli bulu\u015faca\u011f\u0131z. Biz hep birlikte oldu\u011fumuz s\u00fcrece yapamayaca\u011f\u0131m\u0131z hi\u00e7bir \u015fey yok. Buna inan\u0131yorum&#8221; \u015feklinde konu\u015ftu.<\/p>\n<p>&#8220;Elimizden ne geliyorsa yapmaya haz\u0131r\u0131z&#8221;<br \/>\n<br \/>T\u00fcrk K\u0131z\u0131lay Manisa \u0130l Merkezi Ba\u015fkan\u0131 \u00d6ner G\u00fcrsel ise birlik ve beraberlik vurgusu yaparak, &#8220;Manisa Gazeteciler Cemiyeti Ba\u015fkan\u0131m\u0131za daha \u00f6nce de belirttim. Projelerde elimizden ne geliyorsa yapmaya haz\u0131r\u0131z. Bug\u00fcn de sizlere ev sahipli\u011fi yapman\u0131n mutlulu\u011funu ya\u015f\u0131yoruz&#8221; ifadelerini kulland\u0131.<br \/><\/p>\n","protected":false},"excerpt":{"rendered":"<p>\u0130\u00e7i\u015fleri Bakanl\u0131\u011f\u0131 Sivil Toplumla \u0130li\u015fkiler Genel M\u00fcd\u00fcrl\u00fc\u011f\u00fcn\u00fcn deste\u011fiyle Manisa Gazeteciler Cemiyeti taraf\u0131ndan hayata ge\u00e7irilen ve Manisa Celal Bayar \u00dcniversitesi\u2019nin payda\u015f oldu\u011fu Manisa Medya Akademisi Projesinde ilk dersin konusu \u2018Yapay zeka habercili\u011fi\u2019 oldu. Yerel bas\u0131nda dijital d\u00f6n\u00fc\u015f\u00fcm\u00fc h\u0131zland\u0131rmay\u0131, gazetecilerin mesleki yetkinliklerini art\u0131rmay\u0131 ve yeni nesil habercilik becerileri kazand\u0131rmay\u0131 hedefleyen Manisa Medya Akademisi ba\u015flad\u0131. Proje kapsam\u0131ndaki ilk&#8230;<\/p>\n","protected":false},"author":1,"featured_media":70926,"comment_status":"open","ping_status":"open","sticky":false,"template":"","format":"standard","meta":{"_crdt_document":"","footnotes":""},"categories":[1],"tags":[],"class_list":["post-70925","post","type-post","status-publish","format-standard","has-post-thumbnail","hentry","category-guncel"],"_links":{"self":[{"href":"https:\/\/www.egemtv.com\/index.php?rest_route=\/wp\/v2\/posts\/70925","targetHints":{"allow":["GET"]}}],"collection":[{"href":"https:\/\/www.egemtv.com\/index.php?rest_route=\/wp\/v2\/posts"}],"about":[{"href":"https:\/\/www.egemtv.com\/index.php?rest_route=\/wp\/v2\/types\/post"}],"author":[{"embeddable":true,"href":"https:\/\/www.egemtv.com\/index.php?rest_route=\/wp\/v2\/users\/1"}],"replies":[{"embeddable":true,"href":"https:\/\/www.egemtv.com\/index.php?rest_route=%2Fwp%2Fv2%2Fcomments&post=70925"}],"version-history":[{"count":1,"href":"https:\/\/www.egemtv.com\/index.php?rest_route=\/wp\/v2\/posts\/70925\/revisions"}],"predecessor-version":[{"id":70927,"href":"https:\/\/www.egemtv.com\/index.php?rest_route=\/wp\/v2\/posts\/70925\/revisions\/70927"}],"wp:featuredmedia":[{"embeddable":true,"href":"https:\/\/www.egemtv.com\/index.php?rest_route=\/wp\/v2\/media\/70926"}],"wp:attachment":[{"href":"https:\/\/www.egemtv.com\/index.php?rest_route=%2Fwp%2Fv2%2Fmedia&parent=70925"}],"wp:term":[{"taxonomy":"category","embeddable":true,"href":"https:\/\/www.egemtv.com\/index.php?rest_route=%2Fwp%2Fv2%2Fcategories&post=70925"},{"taxonomy":"post_tag","embeddable":true,"href":"https:\/\/www.egemtv.com\/index.php?rest_route=%2Fwp%2Fv2%2Ftags&post=70925"}],"curies":[{"name":"wp","href":"https:\/\/api.w.org\/{rel}","templated":true}]}}