{"id":7092,"date":"2025-01-11T22:35:31","date_gmt":"2025-01-11T19:35:31","guid":{"rendered":"https:\/\/www.egemtv.com\/?p=7092"},"modified":"2025-01-11T22:35:45","modified_gmt":"2025-01-11T19:35:45","slug":"antalya-isparta-karayolunda-seyir-halindeki-otomobil-alev-aldi","status":"publish","type":"post","link":"https:\/\/www.egemtv.com\/?p=7092","title":{"rendered":"Antalya-Isparta karayolunda seyir halindeki otomobil alev ald\u0131"},"content":{"rendered":"<p>Antalya-Isparta karayolunda seyir halindeki otomobilde \u00e7\u0131kan yang\u0131n itfaiye ekiplerinin m\u00fcdahalesiyle s\u00f6nd\u00fcr\u00fcld\u00fc.<br \/>\n<br \/>\u00c7opanp\u0131nar\u0131 k\u00f6y\u00fc mevki Antalya-Isparta karayolunda seyir halindeki Ayhan K. idaresindeki 32 SP 070 plakal\u0131 Peugeot marka otomobil, hen\u00fcz bilinmeyen bir nedenle alev ald\u0131. Alevleri g\u00f6ren s\u00fcr\u00fcc\u00fc arac\u0131 yol kenar\u0131na \u00e7ekerek 112 Acil \u00c7a\u011fr\u0131 Merkezine ihbarda bulundu. B\u00f6lgeye itfaiye ve jandarma ekipleri sevk edildi. Olay yerine gelen itfaiye ekiplerinin uzun u\u011fra\u015flar\u0131 sonucu yang\u0131n s\u00f6nd\u00fcr\u00fcl\u00fcrken, ara\u00e7 tamamen yanarak kullan\u0131lamaz hale geldi.<br \/>\n<br \/><img fetchpriority=\"high\" decoding=\"async\" width=\"1280\" height=\"960\" src=\"https:\/\/www.egemtv.com\/wp-content\/uploads\/2025\/01\/antalya-isparta-karayolunda-seyir-halindeki-otomobil-alev-aldi_a3b949966214.jpg\" class=\"attachment-full size-full not-transparent\" alt=\"\" data-has-transparency=\"false\" data-dominant-color=\"4b2429\" style=\"--dominant-color: #4b2429\" \/><img decoding=\"async\" width=\"1280\" height=\"960\" src=\"https:\/\/www.egemtv.com\/wp-content\/uploads\/2025\/01\/antalya-isparta-karayolunda-seyir-halindeki-otomobil-alev-aldi_e7136445fab9.jpg\" class=\"attachment-full size-full not-transparent\" alt=\"\" data-has-transparency=\"false\" data-dominant-color=\"4e2322\" style=\"--dominant-color: #4e2322\" \/><img decoding=\"async\" width=\"1200\" height=\"1600\" src=\"https:\/\/www.egemtv.com\/wp-content\/uploads\/2025\/01\/antalya-isparta-karayolunda-seyir-halindeki-otomobil-alev-aldi_647364ac0c92.jpg\" class=\"attachment-full size-full not-transparent\" alt=\"\" data-has-transparency=\"false\" data-dominant-color=\"665754\" style=\"--dominant-color: #665754\" \/><img loading=\"lazy\" decoding=\"async\" width=\"1200\" height=\"1600\" src=\"https:\/\/www.egemtv.com\/wp-content\/uploads\/2025\/01\/antalya-isparta-karayolunda-seyir-halindeki-otomobil-alev-aldi_313922caafcf.jpg\" class=\"attachment-full size-full not-transparent\" alt=\"\" data-has-transparency=\"false\" data-dominant-color=\"606058\" style=\"--dominant-color: #606058\" \/><img loading=\"lazy\" decoding=\"async\" width=\"1200\" height=\"1600\" src=\"https:\/\/www.egemtv.com\/wp-content\/uploads\/2025\/01\/antalya-isparta-karayolunda-seyir-halindeki-otomobil-alev-aldi_b472a79ff18a.jpg\" class=\"attachment-full size-full not-transparent\" alt=\"\" data-has-transparency=\"false\" data-dominant-color=\"6f6057\" style=\"--dominant-color: #6f6057\" \/><\/p>\n","protected":false},"excerpt":{"rendered":"<p>Antalya-Isparta karayolunda seyir halindeki otomobilde \u00e7\u0131kan yang\u0131n itfaiye ekiplerinin m\u00fcdahalesiyle s\u00f6nd\u00fcr\u00fcld\u00fc. \u00c7opanp\u0131nar\u0131 k\u00f6y\u00fc mevki Antalya-Isparta karayolunda seyir halindeki Ayhan K. idaresindeki 32 SP 070 plakal\u0131 Peugeot marka otomobil, hen\u00fcz bilinmeyen bir nedenle alev ald\u0131. Alevleri g\u00f6ren s\u00fcr\u00fcc\u00fc arac\u0131 yol kenar\u0131na \u00e7ekerek 112 Acil \u00c7a\u011fr\u0131 Merkezine ihbarda bulundu. B\u00f6lgeye itfaiye ve jandarma ekipleri sevk edildi. Olay&#8230;<\/p>\n","protected":false},"author":1,"featured_media":7093,"comment_status":"open","ping_status":"open","sticky":false,"template":"","format":"standard","meta":{"_crdt_document":"","footnotes":""},"categories":[5],"tags":[],"class_list":["post-7092","post","type-post","status-publish","format-standard","has-post-thumbnail","hentry","category-asayis"],"_links":{"self":[{"href":"https:\/\/www.egemtv.com\/index.php?rest_route=\/wp\/v2\/posts\/7092","targetHints":{"allow":["GET"]}}],"collection":[{"href":"https:\/\/www.egemtv.com\/index.php?rest_route=\/wp\/v2\/posts"}],"about":[{"href":"https:\/\/www.egemtv.com\/index.php?rest_route=\/wp\/v2\/types\/post"}],"author":[{"embeddable":true,"href":"https:\/\/www.egemtv.com\/index.php?rest_route=\/wp\/v2\/users\/1"}],"replies":[{"embeddable":true,"href":"https:\/\/www.egemtv.com\/index.php?rest_route=%2Fwp%2Fv2%2Fcomments&post=7092"}],"version-history":[{"count":1,"href":"https:\/\/www.egemtv.com\/index.php?rest_route=\/wp\/v2\/posts\/7092\/revisions"}],"predecessor-version":[{"id":7099,"href":"https:\/\/www.egemtv.com\/index.php?rest_route=\/wp\/v2\/posts\/7092\/revisions\/7099"}],"wp:featuredmedia":[{"embeddable":true,"href":"https:\/\/www.egemtv.com\/index.php?rest_route=\/wp\/v2\/media\/7093"}],"wp:attachment":[{"href":"https:\/\/www.egemtv.com\/index.php?rest_route=%2Fwp%2Fv2%2Fmedia&parent=7092"}],"wp:term":[{"taxonomy":"category","embeddable":true,"href":"https:\/\/www.egemtv.com\/index.php?rest_route=%2Fwp%2Fv2%2Fcategories&post=7092"},{"taxonomy":"post_tag","embeddable":true,"href":"https:\/\/www.egemtv.com\/index.php?rest_route=%2Fwp%2Fv2%2Ftags&post=7092"}],"curies":[{"name":"wp","href":"https:\/\/api.w.org\/{rel}","templated":true}]}}