{"id":70919,"date":"2025-11-29T10:34:45","date_gmt":"2025-11-29T07:34:45","guid":{"rendered":"https:\/\/www.egemtv.com\/?p=70919"},"modified":"2025-11-29T10:34:46","modified_gmt":"2025-11-29T07:34:46","slug":"baskan-cercioglu-kentimiz-icin-calismaya-devam-edecegiz","status":"publish","type":"post","link":"https:\/\/www.egemtv.com\/?p=70919","title":{"rendered":"Ba\u015fkan \u00c7er\u00e7io\u011flu: &#8220;Kentimiz i\u00e7in \u00e7al\u0131\u015fmaya devam edece\u011fiz&#8221;"},"content":{"rendered":"<p>Ayd\u0131n B\u00fcy\u00fck\u015fehir Belediye Ba\u015fkan\u0131 \u00d6zlem \u00c7er\u00e7io\u011flu, AK Parti Ayd\u0131n \u0130l Mehmet Erdem, il y\u00f6neticileri ve AK Parti Ayd\u0131n \u0130l Kad\u0131n Kollar\u0131 Ba\u015fkan\u0131 \u015eahika Edremit ile birlikte sahada incelemelerde bulundu. \u0130ncirliova-Ayd\u0131n \u015eehir Hastanesi ba\u011flant\u0131 yolu ile Bat\u0131 \u00c7evre, Efeler ve Zeybekler Merkez Bulvarlar\u0131\u2019nda s\u00fcren yol yap\u0131m \u00e7al\u0131\u015fmalar\u0131 yerinde incelendi.<br \/>\n<br \/>Ayd\u0131n B\u00fcy\u00fck\u015fehir Belediyesi Fen \u0130\u015fleri Dairesi Ba\u015fkanl\u0131\u011f\u0131 ekipleri taraf\u0131ndan \u0130ncirliova il\u00e7esi ile Ayd\u0131n \u015eehir Hastanesi aras\u0131nda y\u00fcr\u00fct\u00fclen yol yap\u0131m \u00e7al\u0131\u015fmalar\u0131 h\u0131zla devam ediyor. K\u0131sa s\u00fcre i\u00e7erisinde tamamlanacak \u00e7al\u0131\u015fmalarla birlikte Ayd\u0131n \u015eehir Hastanesi\u2019ne ula\u015f\u0131m daha konforlu ve h\u0131zl\u0131 hale gelecek. Ayn\u0131 zamanda, \u00e7al\u0131\u015fmalar\u0131n tamamlanmas\u0131 ile birlikte \u0130ncirliova ile Efeler il\u00e7eleri aras\u0131nda alternatif bir ula\u015f\u0131m g\u00fczergah\u0131 da olu\u015fturulmu\u015f olacak. Bat\u0131 \u00c7evre, Efeler ve Zeybekler Merkez Bulvarlar\u0131\u2019nda ise asfalt serimi ve kald\u0131r\u0131m yap\u0131m \u00e7al\u0131\u015fmalar\u0131 s\u00fcr\u00fcyor. B\u00fcy\u00fck\u015fehir Belediyesi ekipleri taraf\u0131ndan mesai mefhumu g\u00f6zetmeksizin s\u00fcrd\u00fcr\u00fclen \u00e7al\u0131\u015fmalar\u0131n tamamlanmas\u0131 ile birlikte yeni ula\u015f\u0131m g\u00fczergahlar\u0131, Ayd\u0131nl\u0131lar\u0131n hizmetine sunulacak.<br \/>\n<br \/>&#8220;\u00c7al\u0131\u015fmalar\u0131m\u0131z\u0131 e\u015fzamanl\u0131 olarak s\u00fcrd\u00fcr\u00fcyoruz&#8221;<br \/>\n<br \/>\u00c7al\u0131\u015fmalar\u0131n kent genelinde devam edece\u011fini belirten Ba\u015fkan \u00c7er\u00e7io\u011flu, &#8220;G\u00fczel Ayd\u0131n\u0131m\u0131z\u0131n d\u00f6rt bir yan\u0131nda yol yap\u0131m ve yenileme \u00e7al\u0131\u015fmalar\u0131m\u0131z\u0131 e\u015fzamanl\u0131 olarak s\u00fcrd\u00fcr\u00fcyoruz. Yap\u0131m\u0131n\u0131 s\u00fcrd\u00fcrd\u00fc\u011f\u00fcm\u00fcz, toplam maliyeti 110 milyon T\u00fcrk Liras\u0131 olan yol \u00e7al\u0131\u015fmalar\u0131n\u0131n tamamlanmas\u0131 ile birlikte Ayd\u0131n \u015eehir Hastanesi\u2019ne ula\u015f\u0131m daha h\u0131zl\u0131 ve konforlu hale gelecek. 17 il\u00e7emizin tamam\u0131nda yat\u0131r\u0131mlar\u0131m\u0131z\u0131, projelerimizi ve hizmetlerimizi artt\u0131rarak s\u00fcrd\u00fcrecek, \u00e7al\u0131\u015fmalar\u0131m\u0131z\u0131 hem\u015fehrilerimiz ile bulu\u015fturmaya devam edece\u011fiz&#8221; ifadelerini kulland\u0131.<br \/>\n<br \/>Ba\u015fkan \u00c7er\u00e7io\u011flu, \u0130l Ba\u015fkan\u0131 Erdem ve \u0130l Kad\u0131n Kollar\u0131 Ba\u015fkan\u0131 Edremit ile il y\u00f6neticileri, Ayd\u0131n \u015eehir Hastanesi\u2019ndeki \u00e7al\u0131\u015fmalar\u0131 da inceleyerek hastanenin son durumu hakk\u0131nda \u0130l Sa\u011fl\u0131k M\u00fcd\u00fcr\u00fc Dr. Eser \u015eenkul\u2019dan detayl\u0131 bilgi ald\u0131.<br \/><\/p>\n","protected":false},"excerpt":{"rendered":"<p>Ayd\u0131n B\u00fcy\u00fck\u015fehir Belediye Ba\u015fkan\u0131 \u00d6zlem \u00c7er\u00e7io\u011flu, AK Parti Ayd\u0131n \u0130l Mehmet Erdem, il y\u00f6neticileri ve AK Parti Ayd\u0131n \u0130l Kad\u0131n Kollar\u0131 Ba\u015fkan\u0131 \u015eahika Edremit ile birlikte sahada incelemelerde bulundu. \u0130ncirliova-Ayd\u0131n \u015eehir Hastanesi ba\u011flant\u0131 yolu ile Bat\u0131 \u00c7evre, Efeler ve Zeybekler Merkez Bulvarlar\u0131\u2019nda s\u00fcren yol yap\u0131m \u00e7al\u0131\u015fmalar\u0131 yerinde incelendi. Ayd\u0131n B\u00fcy\u00fck\u015fehir Belediyesi Fen \u0130\u015fleri Dairesi Ba\u015fkanl\u0131\u011f\u0131&#8230;<\/p>\n","protected":false},"author":1,"featured_media":70920,"comment_status":"open","ping_status":"open","sticky":false,"template":"","format":"standard","meta":{"_crdt_document":"","footnotes":""},"categories":[1],"tags":[],"class_list":["post-70919","post","type-post","status-publish","format-standard","has-post-thumbnail","hentry","category-guncel"],"_links":{"self":[{"href":"https:\/\/www.egemtv.com\/index.php?rest_route=\/wp\/v2\/posts\/70919","targetHints":{"allow":["GET"]}}],"collection":[{"href":"https:\/\/www.egemtv.com\/index.php?rest_route=\/wp\/v2\/posts"}],"about":[{"href":"https:\/\/www.egemtv.com\/index.php?rest_route=\/wp\/v2\/types\/post"}],"author":[{"embeddable":true,"href":"https:\/\/www.egemtv.com\/index.php?rest_route=\/wp\/v2\/users\/1"}],"replies":[{"embeddable":true,"href":"https:\/\/www.egemtv.com\/index.php?rest_route=%2Fwp%2Fv2%2Fcomments&post=70919"}],"version-history":[{"count":1,"href":"https:\/\/www.egemtv.com\/index.php?rest_route=\/wp\/v2\/posts\/70919\/revisions"}],"predecessor-version":[{"id":70921,"href":"https:\/\/www.egemtv.com\/index.php?rest_route=\/wp\/v2\/posts\/70919\/revisions\/70921"}],"wp:featuredmedia":[{"embeddable":true,"href":"https:\/\/www.egemtv.com\/index.php?rest_route=\/wp\/v2\/media\/70920"}],"wp:attachment":[{"href":"https:\/\/www.egemtv.com\/index.php?rest_route=%2Fwp%2Fv2%2Fmedia&parent=70919"}],"wp:term":[{"taxonomy":"category","embeddable":true,"href":"https:\/\/www.egemtv.com\/index.php?rest_route=%2Fwp%2Fv2%2Fcategories&post=70919"},{"taxonomy":"post_tag","embeddable":true,"href":"https:\/\/www.egemtv.com\/index.php?rest_route=%2Fwp%2Fv2%2Ftags&post=70919"}],"curies":[{"name":"wp","href":"https:\/\/api.w.org\/{rel}","templated":true}]}}