{"id":70916,"date":"2025-11-29T09:55:35","date_gmt":"2025-11-29T06:55:35","guid":{"rendered":"https:\/\/www.egemtv.com\/?p=70916"},"modified":"2025-11-29T09:55:36","modified_gmt":"2025-11-29T06:55:36","slug":"kutahyada-ahir-yangini-buyumeden-sonduruldu","status":"publish","type":"post","link":"https:\/\/www.egemtv.com\/?p=70916","title":{"rendered":"K\u00fctahya\u2019da ah\u0131r yang\u0131n\u0131 b\u00fcy\u00fcmeden s\u00f6nd\u00fcr\u00fcld\u00fc"},"content":{"rendered":"<p>K\u00fctahya\u2019n\u0131n Seyit\u00f6mer beldesinde bir ah\u0131rda \u00e7\u0131kan yang\u0131n itfaiye ekiplerinin h\u0131zl\u0131 m\u00fcdahalesiyle k\u0131sa s\u00fcrede kontrol alt\u0131na al\u0131nd\u0131.<br \/>\n<br \/>Edinilen bilgilere g\u00f6re, Seyit\u00f6mer beldesinde Sedat Kiraz\u2019a ait ah\u0131rda hen\u00fcz belirlenemeyen bir nedenle yang\u0131n \u00e7\u0131kt\u0131. Yang\u0131n ihbar \u00fczerine b\u00f6lgeye sevk edilen Seyit\u00f6mer Belediyesi ve \u00f6zel bir \u015firkete ait itfaiye ekiplerinin \u00e7al\u0131\u015fmas\u0131yla s\u00f6nd\u00fcr\u00fcld\u00fc. M\u00fcdahale s\u0131ras\u0131nda ah\u0131rda bulunan saman balyalar\u0131 kep\u00e7e ve kamyonlarla g\u00fcvenli bir alana ta\u015f\u0131nd\u0131. Yang\u0131n nedeniyle ah\u0131rda maddi hasar meydana geldi.<br \/>\n<br \/>B\u00f6lgeye giderek ah\u0131r sahibine ge\u00e7mi\u015f olsun dileklerini ileten Belediye Ba\u015fkan\u0131 Mahmut Yol, &#8220;Yang\u0131nda can ve mal kayb\u0131 olmamas\u0131 en b\u00fcy\u00fck tesellimizdir. Belediye olarak gereken ne varsa yapmaya haz\u0131r\u0131z&#8221; ifadelerini kulland\u0131.<br \/><\/p>\n","protected":false},"excerpt":{"rendered":"<p>K\u00fctahya\u2019n\u0131n Seyit\u00f6mer beldesinde bir ah\u0131rda \u00e7\u0131kan yang\u0131n itfaiye ekiplerinin h\u0131zl\u0131 m\u00fcdahalesiyle k\u0131sa s\u00fcrede kontrol alt\u0131na al\u0131nd\u0131. Edinilen bilgilere g\u00f6re, Seyit\u00f6mer beldesinde Sedat Kiraz\u2019a ait ah\u0131rda hen\u00fcz belirlenemeyen bir nedenle yang\u0131n \u00e7\u0131kt\u0131. Yang\u0131n ihbar \u00fczerine b\u00f6lgeye sevk edilen Seyit\u00f6mer Belediyesi ve \u00f6zel bir \u015firkete ait itfaiye ekiplerinin \u00e7al\u0131\u015fmas\u0131yla s\u00f6nd\u00fcr\u00fcld\u00fc. M\u00fcdahale s\u0131ras\u0131nda ah\u0131rda bulunan saman balyalar\u0131 kep\u00e7e&#8230;<\/p>\n","protected":false},"author":1,"featured_media":70917,"comment_status":"open","ping_status":"open","sticky":false,"template":"","format":"standard","meta":{"_crdt_document":"","footnotes":""},"categories":[5],"tags":[],"class_list":["post-70916","post","type-post","status-publish","format-standard","has-post-thumbnail","hentry","category-asayis"],"_links":{"self":[{"href":"https:\/\/www.egemtv.com\/index.php?rest_route=\/wp\/v2\/posts\/70916","targetHints":{"allow":["GET"]}}],"collection":[{"href":"https:\/\/www.egemtv.com\/index.php?rest_route=\/wp\/v2\/posts"}],"about":[{"href":"https:\/\/www.egemtv.com\/index.php?rest_route=\/wp\/v2\/types\/post"}],"author":[{"embeddable":true,"href":"https:\/\/www.egemtv.com\/index.php?rest_route=\/wp\/v2\/users\/1"}],"replies":[{"embeddable":true,"href":"https:\/\/www.egemtv.com\/index.php?rest_route=%2Fwp%2Fv2%2Fcomments&post=70916"}],"version-history":[{"count":1,"href":"https:\/\/www.egemtv.com\/index.php?rest_route=\/wp\/v2\/posts\/70916\/revisions"}],"predecessor-version":[{"id":70918,"href":"https:\/\/www.egemtv.com\/index.php?rest_route=\/wp\/v2\/posts\/70916\/revisions\/70918"}],"wp:featuredmedia":[{"embeddable":true,"href":"https:\/\/www.egemtv.com\/index.php?rest_route=\/wp\/v2\/media\/70917"}],"wp:attachment":[{"href":"https:\/\/www.egemtv.com\/index.php?rest_route=%2Fwp%2Fv2%2Fmedia&parent=70916"}],"wp:term":[{"taxonomy":"category","embeddable":true,"href":"https:\/\/www.egemtv.com\/index.php?rest_route=%2Fwp%2Fv2%2Fcategories&post=70916"},{"taxonomy":"post_tag","embeddable":true,"href":"https:\/\/www.egemtv.com\/index.php?rest_route=%2Fwp%2Fv2%2Ftags&post=70916"}],"curies":[{"name":"wp","href":"https:\/\/api.w.org\/{rel}","templated":true}]}}