{"id":70913,"date":"2025-11-29T09:55:34","date_gmt":"2025-11-29T06:55:34","guid":{"rendered":"https:\/\/www.egemtv.com\/?p=70913"},"modified":"2025-11-29T09:55:35","modified_gmt":"2025-11-29T06:55:35","slug":"ksbu-ile-genclik-ve-spor-il-mudurlugu-arasinda-kapsamli-is-birligi-protokolu","status":"publish","type":"post","link":"https:\/\/www.egemtv.com\/?p=70913","title":{"rendered":"KSB\u00dc ile Gen\u00e7lik ve Spor \u0130l M\u00fcd\u00fcrl\u00fc\u011f\u00fc aras\u0131nda kapsaml\u0131 i\u015f birli\u011fi protokol\u00fc"},"content":{"rendered":"<p>K\u00fctahya Sa\u011fl\u0131k Bilimleri \u00dcniversitesi (KSB\u00dc) ile K\u00fctahya Gen\u00e7lik ve Spor \u0130l M\u00fcd\u00fcrl\u00fc\u011f\u00fc aras\u0131nda, \u00f6\u011frencilere y\u00f6nelik e\u011fitsel, k\u00fclt\u00fcrel, g\u00f6n\u00fcll\u00fcl\u00fck ve sportif faaliyetleri geli\u015ftirmeyi ama\u00e7layan kapsaml\u0131 bir i\u015f birli\u011fi protokol\u00fc imzaland\u0131.<br \/>\n<br \/>Protokol, KSB\u00dc Rekt\u00f6r\u00fc Prof. Dr. Ahmet Tekin ile K\u00fctahya \u0130l Gen\u00e7lik ve Spor M\u00fcd\u00fcr\u00fc B\u00fclent K\u00fc\u00e7\u00fck taraf\u0131ndan imza alt\u0131na al\u0131nd\u0131.<br \/>\n<br \/>\u0130\u015f birli\u011fi kapsam\u0131nda, \u00f6\u011frencilerin ba\u011f\u0131ml\u0131l\u0131kla m\u00fccadele, g\u00f6n\u00fcll\u00fcl\u00fck, sosyal sorumluluk ve ki\u015fisel geli\u015fim konular\u0131nda desteklenmesi hedefleniyor. Ayr\u0131ca fiziksel aktivite ve sa\u011fl\u0131kl\u0131 ya\u015fam al\u0131\u015fkanl\u0131klar\u0131n\u0131n yayg\u0131nla\u015ft\u0131r\u0131lmas\u0131 da protokol\u00fcn \u00f6nemli ba\u015fl\u0131klar\u0131 aras\u0131nda yer al\u0131yor.<br \/>\n<br \/>Protokol; \u00fcniversite ile il m\u00fcd\u00fcrl\u00fc\u011f\u00fcn\u00fcn ortak spor organizasyonlar\u0131, bilimsel ara\u015ft\u0131rmalar, sosyal sorumluluk projeleri ve gen\u00e7lik programlar\u0131n\u0131 birlikte y\u00fcr\u00fctmesini \u00f6ng\u00f6r\u00fcyor. Bu kapsaml\u0131 i\u015f birli\u011fiyle \u00f6\u011frencilerin hem akademik hem sosyal y\u00f6nden daha g\u00fc\u00e7l\u00fc desteklenmesi ama\u00e7lan\u0131yor.<br \/><\/p>\n","protected":false},"excerpt":{"rendered":"<p>K\u00fctahya Sa\u011fl\u0131k Bilimleri \u00dcniversitesi (KSB\u00dc) ile K\u00fctahya Gen\u00e7lik ve Spor \u0130l M\u00fcd\u00fcrl\u00fc\u011f\u00fc aras\u0131nda, \u00f6\u011frencilere y\u00f6nelik e\u011fitsel, k\u00fclt\u00fcrel, g\u00f6n\u00fcll\u00fcl\u00fck ve sportif faaliyetleri geli\u015ftirmeyi ama\u00e7layan kapsaml\u0131 bir i\u015f birli\u011fi protokol\u00fc imzaland\u0131. Protokol, KSB\u00dc Rekt\u00f6r\u00fc Prof. Dr. Ahmet Tekin ile K\u00fctahya \u0130l Gen\u00e7lik ve Spor M\u00fcd\u00fcr\u00fc B\u00fclent K\u00fc\u00e7\u00fck taraf\u0131ndan imza alt\u0131na al\u0131nd\u0131. \u0130\u015f birli\u011fi kapsam\u0131nda, \u00f6\u011frencilerin ba\u011f\u0131ml\u0131l\u0131kla m\u00fccadele,&#8230;<\/p>\n","protected":false},"author":1,"featured_media":70914,"comment_status":"open","ping_status":"open","sticky":false,"template":"","format":"standard","meta":{"_crdt_document":"","footnotes":""},"categories":[123],"tags":[],"class_list":["post-70913","post","type-post","status-publish","format-standard","has-post-thumbnail","hentry","category-gundem"],"_links":{"self":[{"href":"https:\/\/www.egemtv.com\/index.php?rest_route=\/wp\/v2\/posts\/70913","targetHints":{"allow":["GET"]}}],"collection":[{"href":"https:\/\/www.egemtv.com\/index.php?rest_route=\/wp\/v2\/posts"}],"about":[{"href":"https:\/\/www.egemtv.com\/index.php?rest_route=\/wp\/v2\/types\/post"}],"author":[{"embeddable":true,"href":"https:\/\/www.egemtv.com\/index.php?rest_route=\/wp\/v2\/users\/1"}],"replies":[{"embeddable":true,"href":"https:\/\/www.egemtv.com\/index.php?rest_route=%2Fwp%2Fv2%2Fcomments&post=70913"}],"version-history":[{"count":1,"href":"https:\/\/www.egemtv.com\/index.php?rest_route=\/wp\/v2\/posts\/70913\/revisions"}],"predecessor-version":[{"id":70915,"href":"https:\/\/www.egemtv.com\/index.php?rest_route=\/wp\/v2\/posts\/70913\/revisions\/70915"}],"wp:featuredmedia":[{"embeddable":true,"href":"https:\/\/www.egemtv.com\/index.php?rest_route=\/wp\/v2\/media\/70914"}],"wp:attachment":[{"href":"https:\/\/www.egemtv.com\/index.php?rest_route=%2Fwp%2Fv2%2Fmedia&parent=70913"}],"wp:term":[{"taxonomy":"category","embeddable":true,"href":"https:\/\/www.egemtv.com\/index.php?rest_route=%2Fwp%2Fv2%2Fcategories&post=70913"},{"taxonomy":"post_tag","embeddable":true,"href":"https:\/\/www.egemtv.com\/index.php?rest_route=%2Fwp%2Fv2%2Ftags&post=70913"}],"curies":[{"name":"wp","href":"https:\/\/api.w.org\/{rel}","templated":true}]}}