{"id":70910,"date":"2025-11-29T09:55:33","date_gmt":"2025-11-29T06:55:33","guid":{"rendered":"https:\/\/www.egemtv.com\/?p=70910"},"modified":"2025-11-29T09:55:34","modified_gmt":"2025-11-29T06:55:34","slug":"fetonun-firari-uyesi-marmariste-yakalandi","status":"publish","type":"post","link":"https:\/\/www.egemtv.com\/?p=70910","title":{"rendered":"Fet\u00f6\u2019n\u00fcn firari \u00fcyesi Marmaris\u2019te yakaland\u0131"},"content":{"rendered":"<p>Mu\u011fla Emniyet M\u00fcd\u00fcrl\u00fc\u011f\u00fc ekiplerinin Marmaris il\u00e7esinde ger\u00e7ekle\u015ftirdi\u011fi m\u00fc\u015fterek operasyonla, FET\u00d6\/PDY Silahl\u0131 Ter\u00f6r \u00d6rg\u00fct\u00fc \u00fcyeli\u011finden kesinle\u015fmi\u015f hapis cezas\u0131 bulunan bir firari \u015fah\u0131s yakaland\u0131.<\/p>\n<p>Mu\u011fla \u0130l Emniyet M\u00fcd\u00fcrl\u00fc\u011f\u00fc \u0130stihbarat \u015eube M\u00fcd\u00fcrl\u00fc\u011f\u00fc ile Ka\u00e7ak\u00e7\u0131l\u0131k ve Organize Su\u00e7larla M\u00fccadele (KOM) \u015eube M\u00fcd\u00fcrl\u00fc\u011f\u00fc ekipleri, FET\u00d6 silahl\u0131 ter\u00f6r \u00f6rg\u00fct\u00fc mensuplar\u0131n\u0131n faaliyetlerinin de\u015fifresine, engellenmesine ve firari \u015fah\u0131slar\u0131n yakalanmas\u0131na y\u00f6nelik kapsaml\u0131 \u00e7al\u0131\u015fmalar y\u00fcr\u00fctt\u00fc. Bu \u00e7al\u0131\u015fmalar neticesinde, Marmaris il\u00e7esinde tespit edilen bir adrese operasyon d\u00fczenlendi. Ekiplerin ortak \u00e7al\u0131\u015fmas\u0131 sonucunda yakalanan \u015fahs\u0131n, V.C. isimli firari oldu\u011fu belirlendi. V.C.\u2019nin, Kocaeli A\u011f\u0131r Ceza \u0130lamat B\u00fcrosu taraf\u0131ndan &#8220;Silahl\u0131 Ter\u00f6r \u00d6rg\u00fct\u00fcne \u00dcye Olma (FET\u00d6)&#8221; su\u00e7undan kesinle\u015fmi\u015f 6 y\u0131l 3 ay hapis cezas\u0131 bulundu\u011fu tespit edildi. Yakalanan V.C. hakk\u0131nda gerekli yasal i\u015flemler tamamlanarak adli mercilere sevk edildi.<br \/><\/p>\n","protected":false},"excerpt":{"rendered":"<p>Mu\u011fla Emniyet M\u00fcd\u00fcrl\u00fc\u011f\u00fc ekiplerinin Marmaris il\u00e7esinde ger\u00e7ekle\u015ftirdi\u011fi m\u00fc\u015fterek operasyonla, FET\u00d6\/PDY Silahl\u0131 Ter\u00f6r \u00d6rg\u00fct\u00fc \u00fcyeli\u011finden kesinle\u015fmi\u015f hapis cezas\u0131 bulunan bir firari \u015fah\u0131s yakaland\u0131. Mu\u011fla \u0130l Emniyet M\u00fcd\u00fcrl\u00fc\u011f\u00fc \u0130stihbarat \u015eube M\u00fcd\u00fcrl\u00fc\u011f\u00fc ile Ka\u00e7ak\u00e7\u0131l\u0131k ve Organize Su\u00e7larla M\u00fccadele (KOM) \u015eube M\u00fcd\u00fcrl\u00fc\u011f\u00fc ekipleri, FET\u00d6 silahl\u0131 ter\u00f6r \u00f6rg\u00fct\u00fc mensuplar\u0131n\u0131n faaliyetlerinin de\u015fifresine, engellenmesine ve firari \u015fah\u0131slar\u0131n yakalanmas\u0131na y\u00f6nelik kapsaml\u0131 \u00e7al\u0131\u015fmalar y\u00fcr\u00fctt\u00fc&#8230;.<\/p>\n","protected":false},"author":1,"featured_media":70911,"comment_status":"open","ping_status":"open","sticky":false,"template":"","format":"standard","meta":{"_crdt_document":"","footnotes":""},"categories":[5],"tags":[],"class_list":["post-70910","post","type-post","status-publish","format-standard","has-post-thumbnail","hentry","category-asayis"],"_links":{"self":[{"href":"https:\/\/www.egemtv.com\/index.php?rest_route=\/wp\/v2\/posts\/70910","targetHints":{"allow":["GET"]}}],"collection":[{"href":"https:\/\/www.egemtv.com\/index.php?rest_route=\/wp\/v2\/posts"}],"about":[{"href":"https:\/\/www.egemtv.com\/index.php?rest_route=\/wp\/v2\/types\/post"}],"author":[{"embeddable":true,"href":"https:\/\/www.egemtv.com\/index.php?rest_route=\/wp\/v2\/users\/1"}],"replies":[{"embeddable":true,"href":"https:\/\/www.egemtv.com\/index.php?rest_route=%2Fwp%2Fv2%2Fcomments&post=70910"}],"version-history":[{"count":1,"href":"https:\/\/www.egemtv.com\/index.php?rest_route=\/wp\/v2\/posts\/70910\/revisions"}],"predecessor-version":[{"id":70912,"href":"https:\/\/www.egemtv.com\/index.php?rest_route=\/wp\/v2\/posts\/70910\/revisions\/70912"}],"wp:featuredmedia":[{"embeddable":true,"href":"https:\/\/www.egemtv.com\/index.php?rest_route=\/wp\/v2\/media\/70911"}],"wp:attachment":[{"href":"https:\/\/www.egemtv.com\/index.php?rest_route=%2Fwp%2Fv2%2Fmedia&parent=70910"}],"wp:term":[{"taxonomy":"category","embeddable":true,"href":"https:\/\/www.egemtv.com\/index.php?rest_route=%2Fwp%2Fv2%2Fcategories&post=70910"},{"taxonomy":"post_tag","embeddable":true,"href":"https:\/\/www.egemtv.com\/index.php?rest_route=%2Fwp%2Fv2%2Ftags&post=70910"}],"curies":[{"name":"wp","href":"https:\/\/api.w.org\/{rel}","templated":true}]}}