{"id":70793,"date":"2025-11-28T14:55:38","date_gmt":"2025-11-28T11:55:38","guid":{"rendered":"https:\/\/www.egemtv.com\/?p=70793"},"modified":"2025-11-28T14:55:39","modified_gmt":"2025-11-28T11:55:39","slug":"luks-araclar-icin-on-odeme-vaadiyle-vatandaslari-dolandirdilar","status":"publish","type":"post","link":"https:\/\/www.egemtv.com\/?p=70793","title":{"rendered":"L\u00fcks ara\u00e7lar i\u00e7in \u00f6n \u00f6deme vaadiyle vatanda\u015flar\u0131 doland\u0131rd\u0131lar"},"content":{"rendered":"<p>Ayd\u0131n merkezli 3 ilde d\u00fczenlenen operasyonda, l\u00fcks elektrikli ara\u00e7 firmalar\u0131n\u0131n internet sitelerinin sahtelerini tasarlayarak, \u00f6n sat\u0131\u015f vaadiyle \u00e7ok say\u0131da vatanda\u015f\u0131 doland\u0131ran 9 \u015f\u00fcpheli yakaland\u0131.<br \/>\n<br \/>Ayd\u0131n \u0130l Emniyet M\u00fcd\u00fcrl\u00fc\u011f\u00fc Asayi\u015f \u015eube M\u00fcd\u00fcrl\u00fc\u011f\u00fc\u2019n\u00fcn koordinasyonunda 3 ilde e\u015f zamanl\u0131 doland\u0131r\u0131c\u0131l\u0131k operasyonu ger\u00e7ekle\u015ftirildi. Edinilen bilgiye g\u00f6re, \u015f\u00fcphelilerin l\u00fcks elektrikli ara\u00e7 firmalar\u0131na ait internet sitelerinin sahtelerini tasarlad\u0131klar\u0131 ve \u00f6n sat\u0131\u015f vaadiyle \u00e7ok say\u0131da vatanda\u015f\u0131n \u00f6n \u00f6deme ad\u0131 alt\u0131nda paralar\u0131n\u0131 alarak kay\u0131plara kar\u0131\u015ft\u0131klar\u0131 tespit edildi. Ayd\u0131n Cumhuriyet Ba\u015fsavc\u0131l\u0131\u011f\u0131\u2019nca y\u00fcr\u00fct\u00fclen soru\u015fturma kapsam\u0131nda harekete ge\u00e7en ekipler, Ayd\u0131n, Denizli ve \u0130zmir\u2019de e\u015f zamanl\u0131 ger\u00e7ekle\u015ftirdikleri operasyonla 9 \u015f\u00fcpheliyi yakalayarak g\u00f6zalt\u0131na ald\u0131. \u015e\u00fcphelilerin adreslerinde yap\u0131lan aramalarda ele ge\u00e7irilen dijital materyallere el konulurken, g\u00f6zalt\u0131na al\u0131nan 9 \u015f\u00fcpheli i\u015flemlerinin ard\u0131ndan adliyeye sevk edildi.<br \/>\n<br \/>Olayla ilgili soru\u015fturma s\u00fcr\u00fcyor.<br \/><\/p>\n","protected":false},"excerpt":{"rendered":"<p>Ayd\u0131n merkezli 3 ilde d\u00fczenlenen operasyonda, l\u00fcks elektrikli ara\u00e7 firmalar\u0131n\u0131n internet sitelerinin sahtelerini tasarlayarak, \u00f6n sat\u0131\u015f vaadiyle \u00e7ok say\u0131da vatanda\u015f\u0131 doland\u0131ran 9 \u015f\u00fcpheli yakaland\u0131. Ayd\u0131n \u0130l Emniyet M\u00fcd\u00fcrl\u00fc\u011f\u00fc Asayi\u015f \u015eube M\u00fcd\u00fcrl\u00fc\u011f\u00fc\u2019n\u00fcn koordinasyonunda 3 ilde e\u015f zamanl\u0131 doland\u0131r\u0131c\u0131l\u0131k operasyonu ger\u00e7ekle\u015ftirildi. Edinilen bilgiye g\u00f6re, \u015f\u00fcphelilerin l\u00fcks elektrikli ara\u00e7 firmalar\u0131na ait internet sitelerinin sahtelerini tasarlad\u0131klar\u0131 ve \u00f6n sat\u0131\u015f&#8230;<\/p>\n","protected":false},"author":1,"featured_media":70794,"comment_status":"open","ping_status":"open","sticky":false,"template":"","format":"standard","meta":{"_crdt_document":"","footnotes":""},"categories":[5],"tags":[],"class_list":["post-70793","post","type-post","status-publish","format-standard","has-post-thumbnail","hentry","category-asayis"],"_links":{"self":[{"href":"https:\/\/www.egemtv.com\/index.php?rest_route=\/wp\/v2\/posts\/70793","targetHints":{"allow":["GET"]}}],"collection":[{"href":"https:\/\/www.egemtv.com\/index.php?rest_route=\/wp\/v2\/posts"}],"about":[{"href":"https:\/\/www.egemtv.com\/index.php?rest_route=\/wp\/v2\/types\/post"}],"author":[{"embeddable":true,"href":"https:\/\/www.egemtv.com\/index.php?rest_route=\/wp\/v2\/users\/1"}],"replies":[{"embeddable":true,"href":"https:\/\/www.egemtv.com\/index.php?rest_route=%2Fwp%2Fv2%2Fcomments&post=70793"}],"version-history":[{"count":1,"href":"https:\/\/www.egemtv.com\/index.php?rest_route=\/wp\/v2\/posts\/70793\/revisions"}],"predecessor-version":[{"id":70795,"href":"https:\/\/www.egemtv.com\/index.php?rest_route=\/wp\/v2\/posts\/70793\/revisions\/70795"}],"wp:featuredmedia":[{"embeddable":true,"href":"https:\/\/www.egemtv.com\/index.php?rest_route=\/wp\/v2\/media\/70794"}],"wp:attachment":[{"href":"https:\/\/www.egemtv.com\/index.php?rest_route=%2Fwp%2Fv2%2Fmedia&parent=70793"}],"wp:term":[{"taxonomy":"category","embeddable":true,"href":"https:\/\/www.egemtv.com\/index.php?rest_route=%2Fwp%2Fv2%2Fcategories&post=70793"},{"taxonomy":"post_tag","embeddable":true,"href":"https:\/\/www.egemtv.com\/index.php?rest_route=%2Fwp%2Fv2%2Ftags&post=70793"}],"curies":[{"name":"wp","href":"https:\/\/api.w.org\/{rel}","templated":true}]}}