{"id":70790,"date":"2025-11-28T14:55:38","date_gmt":"2025-11-28T11:55:38","guid":{"rendered":"https:\/\/www.egemtv.com\/?p=70790"},"modified":"2025-11-28T14:55:38","modified_gmt":"2025-11-28T11:55:38","slug":"somaspor-kirklarelispor-hazirliklarini-surduruyor","status":"publish","type":"post","link":"https:\/\/www.egemtv.com\/?p=70790","title":{"rendered":"Somaspor K\u0131rklarelispor haz\u0131rl\u0131klar\u0131n\u0131 s\u00fcrd\u00fcr\u00fcyor"},"content":{"rendered":"<p>Nesine.com 2. Lig K\u0131rm\u0131z\u0131 Grup 13. hafta m\u00fccadelesinde Somaspor deplasmanda kar\u015f\u0131la\u015faca\u011f\u0131 K\u0131rklarelispor m\u00fccadelesinin haz\u0131rl\u0131klar\u0131n\u0131 s\u00fcrd\u00fcr\u00fcyor.<br \/>\n<br \/>Bahis soru\u015fturmas\u0131 nedeniyle lige verilen 3 haftal\u0131k aran\u0131n ard\u0131ndan Somaspor, 13. hafta m\u00fccadelesinde deplasmanda kar\u015f\u0131la\u015faca\u011f\u0131 K\u0131rklarelispor haz\u0131rl\u0131klar\u0131n\u0131 s\u00fcrd\u00fcr\u00fcyor. Lig s\u0131ralamas\u0131nda Somaspor 6 puanla 16. s\u0131rada yer al\u0131rken, K\u0131rklarelispor 12 puanla 14. s\u0131rada bulunuyor.<br \/>\n<br \/>K\u0131rklareli Atat\u00fcrk Stadyumunda 30 Kas\u0131m Pazar G\u00fcn\u00fc saat 15.00\u2019da ba\u015flayacak kar\u015f\u0131la\u015fmay\u0131 Kaan Kara y\u00f6netecek. Yard\u0131mc\u0131 hakemler U\u011fur \u00c7akmak ve Ahmet Emre Akbulut olacak.<br \/><\/p>\n","protected":false},"excerpt":{"rendered":"<p>Nesine.com 2. Lig K\u0131rm\u0131z\u0131 Grup 13. hafta m\u00fccadelesinde Somaspor deplasmanda kar\u015f\u0131la\u015faca\u011f\u0131 K\u0131rklarelispor m\u00fccadelesinin haz\u0131rl\u0131klar\u0131n\u0131 s\u00fcrd\u00fcr\u00fcyor. Bahis soru\u015fturmas\u0131 nedeniyle lige verilen 3 haftal\u0131k aran\u0131n ard\u0131ndan Somaspor, 13. hafta m\u00fccadelesinde deplasmanda kar\u015f\u0131la\u015faca\u011f\u0131 K\u0131rklarelispor haz\u0131rl\u0131klar\u0131n\u0131 s\u00fcrd\u00fcr\u00fcyor. Lig s\u0131ralamas\u0131nda Somaspor 6 puanla 16. s\u0131rada yer al\u0131rken, K\u0131rklarelispor 12 puanla 14. s\u0131rada bulunuyor. K\u0131rklareli Atat\u00fcrk Stadyumunda 30 Kas\u0131m Pazar G\u00fcn\u00fc&#8230;<\/p>\n","protected":false},"author":1,"featured_media":70791,"comment_status":"open","ping_status":"open","sticky":false,"template":"","format":"standard","meta":{"_crdt_document":"","footnotes":""},"categories":[4],"tags":[],"class_list":["post-70790","post","type-post","status-publish","format-standard","has-post-thumbnail","hentry","category-spor"],"_links":{"self":[{"href":"https:\/\/www.egemtv.com\/index.php?rest_route=\/wp\/v2\/posts\/70790","targetHints":{"allow":["GET"]}}],"collection":[{"href":"https:\/\/www.egemtv.com\/index.php?rest_route=\/wp\/v2\/posts"}],"about":[{"href":"https:\/\/www.egemtv.com\/index.php?rest_route=\/wp\/v2\/types\/post"}],"author":[{"embeddable":true,"href":"https:\/\/www.egemtv.com\/index.php?rest_route=\/wp\/v2\/users\/1"}],"replies":[{"embeddable":true,"href":"https:\/\/www.egemtv.com\/index.php?rest_route=%2Fwp%2Fv2%2Fcomments&post=70790"}],"version-history":[{"count":1,"href":"https:\/\/www.egemtv.com\/index.php?rest_route=\/wp\/v2\/posts\/70790\/revisions"}],"predecessor-version":[{"id":70792,"href":"https:\/\/www.egemtv.com\/index.php?rest_route=\/wp\/v2\/posts\/70790\/revisions\/70792"}],"wp:featuredmedia":[{"embeddable":true,"href":"https:\/\/www.egemtv.com\/index.php?rest_route=\/wp\/v2\/media\/70791"}],"wp:attachment":[{"href":"https:\/\/www.egemtv.com\/index.php?rest_route=%2Fwp%2Fv2%2Fmedia&parent=70790"}],"wp:term":[{"taxonomy":"category","embeddable":true,"href":"https:\/\/www.egemtv.com\/index.php?rest_route=%2Fwp%2Fv2%2Fcategories&post=70790"},{"taxonomy":"post_tag","embeddable":true,"href":"https:\/\/www.egemtv.com\/index.php?rest_route=%2Fwp%2Fv2%2Ftags&post=70790"}],"curies":[{"name":"wp","href":"https:\/\/api.w.org\/{rel}","templated":true}]}}