{"id":70511,"date":"2025-11-27T13:54:54","date_gmt":"2025-11-27T10:54:54","guid":{"rendered":"https:\/\/www.egemtv.com\/?p=70511"},"modified":"2025-11-27T13:54:54","modified_gmt":"2025-11-27T10:54:54","slug":"prof-dr-karalezli-cikiklar-acildir-dogru-tedavi-edilmezse-ciddi-hasar-birakabilir","status":"publish","type":"post","link":"https:\/\/www.egemtv.com\/?p=70511","title":{"rendered":"Prof. Dr. Karalezli: &#8220;\u00c7\u0131k\u0131klar acildir, do\u011fru tedavi edilmezse ciddi hasar b\u0131rakabilir&#8221;"},"content":{"rendered":"<p>Ortopedi ve Travmatoloji Uzman\u0131 Prof. Dr. Mustafa Naz\u0131m Karalezli, sporcular\u0131n en s\u0131k kar\u015f\u0131la\u015ft\u0131\u011f\u0131 yaralanmalar\u0131 ve bu yaralanmalarda uygulanabilecek tedavi y\u00f6ntemlerini anlatt\u0131. Konya Meram T\u0131p Fak\u00fcltesinde spor hekimli\u011fi Anabilim Dal\u0131 Ba\u015fkanl\u0131\u011f\u0131 yapm\u0131\u015f olan Prof. Dr. Karalezli,  yaralanmalar\u0131n \u00e7e\u015fitlerini, v\u00fccudun uyar\u0131 mekanizmalar\u0131n\u0131 ve hem cerrahi hem de cerrahi d\u0131\u015f\u0131 tedavi se\u00e7eneklerini payla\u015ft\u0131. Prof. Dr. Karalezli, \u00f6zellikle \u00e7\u0131k\u0131k ve k\u0131r\u0131k gibi acil m\u00fcdahale gerektiren durumlara vurgu yaparak, &#8220;\u00c7\u0131k\u0131klar acildir, do\u011fru tedavi edilmezse ciddi hasar b\u0131rakabilir&#8221; ifadelerini kulland\u0131.<br \/>\n<br \/>&#8220;Yumu\u015fak doku yaralanmalar\u0131 daha fazla g\u00f6r\u00fcl\u00fcr&#8221;<br \/>\n<br \/>Spor yaralanmalar\u0131n\u0131n \u00e7e\u015fitlili\u011fine de\u011finen Karalezli \u015funlar\u0131 s\u00f6yledi:&#8221;Spor yaralanmalar\u0131n\u0131 yumu\u015fak doku ve sert doku yaralanmalar\u0131 olarak kabaca ikiye ay\u0131rabiliriz. Yumu\u015fak doku rahats\u0131zl\u0131klar\u0131n\u0131 kas, tendon, ba\u011f ve menisk\u00fcsler gibi eklem i\u00e7i yumu\u015fak doku yaralanmalar\u0131, sert dokuyu da kemik ve k\u0131k\u0131rdak doku yaralanmalar\u0131 veya rahats\u0131zl\u0131klar\u0131 olarak ay\u0131rabiliriz. Bunlar\u0131 da akut yani yeni geli\u015fen ve kronik yani uzun s\u00fcreli \u015feklinde tekrar ikiye de ay\u0131rabiliriz. Yumu\u015fak doku yaralanmalar\u0131 daha fazla g\u00f6r\u00fcl\u00fcr&#8221;<br \/>\n<br \/>&#8220;V\u00fccut uyar\u0131r; dinlenmezse yaralanma ka\u00e7\u0131n\u0131lmaz olur&#8221;<br \/>\n<br \/>S\u00fcrekli spor yapan ki\u015filerde neden sakatl\u0131klar g\u00f6r\u00fcld\u00fc\u011f\u00fcn\u00fc a\u00e7\u0131klayan Karalezli, \u015fu ifadeleri kulland\u0131:&#8221;S\u00fcrekli spor yapan niye sakatlans\u0131n ki diye d\u00fc\u015f\u00fcn\u00fcyor insan. En b\u00fcy\u00fck iki nedeni fazla y\u00fcklenme ve travma yani darbe veya d\u00fc\u015fmelerdir. V\u00fccudun kald\u0131rabilece\u011fi bir y\u00fck vard\u0131r. Ne kadar antrenmanl\u0131 olursak olal\u0131m kald\u0131ramayaca\u011f\u0131 bir y\u00fck kar\u015f\u0131s\u0131nda v\u00fccudumuz mutlaka bir tepki verir. Asl\u0131nda y\u00fcklenilen doku \u00f6nden kramp veya a\u011fr\u0131 ile uyar\u0131 verir. V\u00fccudun bu uyar\u0131s\u0131n\u0131 dinlemez isek ve y\u00fcklenmeye devam edersek mutlaka bir yerde patlak verir. Yine s\u0131k bir neden de spordan sonra gev\u015feme egzersizleri yapmamakt\u0131r. K\u00f6t\u00fc beslenme, uyku d\u00fczensizli\u011fi ve sigara kullan\u0131m\u0131 da sporcu sa\u011fl\u0131\u011f\u0131n\u0131 k\u00f6t\u00fc y\u00f6nde etkiler. Kontak spor yapanlarda, yar\u0131\u015fmac\u0131larda, kilosu fazla olanlarda da risk fazlad\u0131r&#8221;<br \/>\n<br \/>&#8220;K\u0131k\u0131rdak problemleri tedavisi en zor olan yaralanmalard\u0131r&#8221;<br \/>\n<br \/>K\u0131k\u0131rdak yaralanmalar\u0131n\u0131n profesyonel sporcularda kariyeri bile etkileyebildi\u011fini s\u00f6yleyen Prof. Dr. Karalezli,&#8221;K\u0131k\u0131rdak problemleri t\u00fcm spor yaralanmalar\u0131 i\u00e7inde tedavisi en zor olanlar\u0131d\u0131r. Bazen profesyonel sporcular\u0131n sporu b\u0131rakma nedeni olur. \u00c7\u00fcnk\u00fc k\u0131k\u0131rdak dokusunun beslenmesi zay\u0131ft\u0131r ve bu nedenle iyile\u015fmesi de zordur.&#8221;ifadelerini kulland\u0131.<br \/>\n<br \/>Tedavi se\u00e7enekleri ile ilgili Karalezli, &#8220;K\u0131k\u0131rdakta yumu\u015famadan tam kat kayba kadar \u00e7e\u015fitli yaralanmalar olabilir. Tedavide \u00f6ncelikle istirahat ve \u00f6dem giderici ila\u00e7lar uygulan\u0131r. PRP, kollajen deste\u011fi, ya\u011f veya kemik dokudan elde edilen k\u00f6k h\u00fccre uygulamalar\u0131 da s\u0131k kullan\u0131lan destek tedavilerdendir. PRP\u2019nin k\u00f6k h\u00fccre olmad\u0131\u011f\u0131, b\u00fcy\u00fcme fakt\u00f6rlerinden zengin bir plazma oldu\u011fu bilinmelidir&#8221; dedi.<br \/>\n<br \/>Cerrahi m\u00fcdahalenin gerekti\u011fi durumlar i\u00e7in ise, &#8220;K\u0131k\u0131rdak rahats\u0131zl\u0131klar\u0131nda cerrahi tedavi se\u00e7enekleri de vard\u0131r. Mikro k\u0131r\u0131k, k\u0131k\u0131rdak nakli ve sentetik materyallerle yap\u0131lan onar\u0131mlar cerrahi y\u00f6ntemlere \u00f6rnektir&#8221; diye ekledi.<br \/>\n<br \/>&#8220;Stres k\u0131r\u0131klar\u0131 tan\u0131 koymas\u0131 zor yaralanmalard\u0131r&#8221;<br \/>\n<br \/>Kemik dokudaki yaralanmalara de\u011finen Karalezli, &#8220;Eklemleri de kemik doku i\u00e7ine alacak olursak k\u0131r\u0131klar, \u00e7\u0131k\u0131klar ve kemik ili\u011fi \u00f6demi \u015feklinde yaralanmalar g\u00f6rebiliriz. K\u0131r\u0131klar\u0131n i\u00e7inde stres k\u0131r\u0131\u011f\u0131n\u0131 ayr\u0131 bir yere koymak gerekir. Bu direkt darbeler ile olmayan s\u00fcrekli ve uzun s\u00fcreli y\u00fcklenmelerle olu\u015fan bir k\u0131r\u0131k \u015feklidir. K\u0131r\u0131k u\u00e7lar\u0131 birbirinden ayr\u0131lmad\u0131\u011f\u0131 i\u00e7in bazen tan\u0131 koymak da \u00e7ok zor olabilir. Askerlerde acemilik d\u00f6neminde ve ko\u015fucularda s\u0131k g\u00f6r\u00fclen bir durumdur&#8221; dedi.<br \/>\n<br \/>Tedavi s\u00fcreci i\u00e7in ise&#8221;Kemik ili\u011fi \u00f6demi tedavisi genellikle konservatif yani cerrahi d\u0131\u015f\u0131 y\u00f6ntemlerledir. Biraz \u00f6nce sayd\u0131\u011f\u0131m tedavilere benzer. K\u0131r\u0131k ve \u00e7\u0131k\u0131k i\u015fin i\u00e7ine girdi\u011finde olay cerrahi tedaviye do\u011fu ilerler&#8221;  diye ekledi.<br \/>\n<br \/>&#8220;\u00c7\u0131k\u0131klar acildir, do\u011fru tedavi edilmezse ciddi hasar b\u0131rakabilir&#8221;<br \/>\n<br \/>Prof. Dr. Karalezli \u00e7\u0131k\u0131klar\u0131n \u00f6nemine vurgu yaparak \u015funlar\u0131 s\u00f6yledi:&#8221;\u00c7\u0131k\u0131klar acil durumlard\u0131r. Eklem yerine konduktan sonra da mutlaka bir s\u00fcre korunmas\u0131 gerekir. Unutulmamas\u0131 gereken, \u00e7\u0131k\u0131kta kemik doku yerinden \u00e7\u0131kar ama as\u0131l yaralanan eklem \u00e7evresi yumu\u015fak dokulard\u0131r ve bunlar\u0131n cerrahi tedavisinin gerekebilece\u011fi mutlaka bilinmelidir. Bazen de k\u0131r\u0131kl\u0131 \u00e7\u0131k\u0131klar olur. Yani \u00e7\u0131k\u0131k ile beraber k\u0131r\u0131k ta vard\u0131r. Bunlar\u0131n tedavisi genellikle cerrahi olmaktad\u0131r&#8221;<br \/><\/p>\n","protected":false},"excerpt":{"rendered":"<p>Ortopedi ve Travmatoloji Uzman\u0131 Prof. Dr. Mustafa Naz\u0131m Karalezli, sporcular\u0131n en s\u0131k kar\u015f\u0131la\u015ft\u0131\u011f\u0131 yaralanmalar\u0131 ve bu yaralanmalarda uygulanabilecek tedavi y\u00f6ntemlerini anlatt\u0131. Konya Meram T\u0131p Fak\u00fcltesinde spor hekimli\u011fi Anabilim Dal\u0131 Ba\u015fkanl\u0131\u011f\u0131 yapm\u0131\u015f olan Prof. Dr. Karalezli, yaralanmalar\u0131n \u00e7e\u015fitlerini, v\u00fccudun uyar\u0131 mekanizmalar\u0131n\u0131 ve hem cerrahi hem de cerrahi d\u0131\u015f\u0131 tedavi se\u00e7eneklerini payla\u015ft\u0131. Prof. Dr. Karalezli, \u00f6zellikle \u00e7\u0131k\u0131k&#8230;<\/p>\n","protected":false},"author":1,"featured_media":70512,"comment_status":"open","ping_status":"open","sticky":false,"template":"","format":"standard","meta":{"_crdt_document":"","footnotes":""},"categories":[2],"tags":[],"class_list":["post-70511","post","type-post","status-publish","format-standard","has-post-thumbnail","hentry","category-saglik"],"_links":{"self":[{"href":"https:\/\/www.egemtv.com\/index.php?rest_route=\/wp\/v2\/posts\/70511","targetHints":{"allow":["GET"]}}],"collection":[{"href":"https:\/\/www.egemtv.com\/index.php?rest_route=\/wp\/v2\/posts"}],"about":[{"href":"https:\/\/www.egemtv.com\/index.php?rest_route=\/wp\/v2\/types\/post"}],"author":[{"embeddable":true,"href":"https:\/\/www.egemtv.com\/index.php?rest_route=\/wp\/v2\/users\/1"}],"replies":[{"embeddable":true,"href":"https:\/\/www.egemtv.com\/index.php?rest_route=%2Fwp%2Fv2%2Fcomments&post=70511"}],"version-history":[{"count":1,"href":"https:\/\/www.egemtv.com\/index.php?rest_route=\/wp\/v2\/posts\/70511\/revisions"}],"predecessor-version":[{"id":70513,"href":"https:\/\/www.egemtv.com\/index.php?rest_route=\/wp\/v2\/posts\/70511\/revisions\/70513"}],"wp:featuredmedia":[{"embeddable":true,"href":"https:\/\/www.egemtv.com\/index.php?rest_route=\/wp\/v2\/media\/70512"}],"wp:attachment":[{"href":"https:\/\/www.egemtv.com\/index.php?rest_route=%2Fwp%2Fv2%2Fmedia&parent=70511"}],"wp:term":[{"taxonomy":"category","embeddable":true,"href":"https:\/\/www.egemtv.com\/index.php?rest_route=%2Fwp%2Fv2%2Fcategories&post=70511"},{"taxonomy":"post_tag","embeddable":true,"href":"https:\/\/www.egemtv.com\/index.php?rest_route=%2Fwp%2Fv2%2Ftags&post=70511"}],"curies":[{"name":"wp","href":"https:\/\/api.w.org\/{rel}","templated":true}]}}