{"id":70505,"date":"2025-11-27T13:34:52","date_gmt":"2025-11-27T10:34:52","guid":{"rendered":"https:\/\/www.egemtv.com\/?p=70505"},"modified":"2025-11-27T13:34:53","modified_gmt":"2025-11-27T10:34:53","slug":"adsyb-baskani-gungor-sap-vakalarini-degerlendirdi","status":"publish","type":"post","link":"https:\/\/www.egemtv.com\/?p=70505","title":{"rendered":"ADSYB Ba\u015fkan\u0131 G\u00fcng\u00f6r, \u015fap vakalar\u0131n\u0131 de\u011ferlendirdi"},"content":{"rendered":"<p>Ayd\u0131n \u0130li Dam\u0131zl\u0131k S\u0131\u011f\u0131r Yeti\u015ftiricileri Birli\u011fi (ADSYB) Y\u00f6netim Kurulu Ba\u015fkan\u0131 Mehmet Sedat G\u00fcng\u00f6r, \u00fclke genelinde etkili olan \u015fap vakalar\u0131n\u0131n yeti\u015ftiricide yakla\u015f\u0131k 4 milyar dolar zarara neden oldu\u011funu belirterek hastal\u0131ktan etkilenen yeti\u015ftiricilerin Ziraat Bankas\u0131  ve Tar\u0131m Kredi Kooperatiflerine olan kredi bor\u00e7lar\u0131n\u0131n ertlenmesini talep petti.<br \/>\n<br \/>ADSYB Y\u00f6netim Kurulu Ba\u015fkan\u0131 Mehmet Sedat G\u00fcng\u00f6r, Tar\u0131msal Strateji ve Politika Geli\u015ftirme Merkezi taraf\u0131ndan 2025 y\u0131l\u0131 i\u00e7inde yay\u0131nlanan \u2018\u015eap Hastal\u0131\u011f\u0131 Ekonomik Etki Raporu\u2019unda da belirtildi\u011fi gibi, &#8220;Hastal\u0131k nedeniyle olu\u015fan kayb\u0131n i\u00e7inde \u00f6zellikle yeti\u015ftiricileri etkileyen; et \u00fcretim kayb\u0131, s\u00fct verimindeki d\u00fc\u015f\u00fc\u015f, tedavi ve ila\u00e7 giderleri ile buza\u011f\u0131 \u00f6l\u00fcmleri toplamda 3,62 milyar dolarl\u0131k bir zarar olu\u015ftu\u011fu belirtilmektedir. Bu bulgular, \u015fap hastal\u0131\u011f\u0131n\u0131n yaln\u0131zca biyolojik bir tehdit olmad\u0131\u011f\u0131n\u0131; do\u011frudan yeti\u015ftiricinin \u00fczerinde kendi imkanlar\u0131yla kar\u015f\u0131lanamayacak \u00f6l\u00e7\u00fcde bir ekonomik y\u00fck olu\u015fturdu\u011funu g\u00f6stermektedir. Yeti\u015ftiriciler, bir yandan gelir kayb\u0131yla kar\u015f\u0131 kar\u015f\u0131ya kal\u0131rken, di\u011fer yandan h\u0131zla artan giderlerin bask\u0131s\u0131 alt\u0131nda \u00fcretimlerini s\u00fcrd\u00fcrmeye \u00e7al\u0131\u015fmaktad\u0131r. Bu nedenle hastal\u0131ktan etkilenen yeti\u015ftiricinin kredi bor\u00e7lar\u0131n\u0131n ertelenmesini talep ediyoruz&#8221; dedi.<br \/>\n<br \/>A\u00e7\u0131klamas\u0131nda hastal\u0131\u011f\u0131n s\u00fcreci hakk\u0131nda da bilgi veren Ba\u015fkan G\u00fcng\u00f6r, &#8220;T\u00fcrkiye, 2025 y\u0131l\u0131n\u0131n ba\u015f\u0131nda kom\u015fu \u00fclkelerde h\u0131zla yay\u0131lan \u015fap vakalar\u0131n\u0131n ard\u0131ndan, hastal\u0131\u011f\u0131n do\u011fu s\u0131n\u0131rlar\u0131ndan giri\u015f yapmas\u0131yla birlikte ciddi bir salg\u0131nla kar\u015f\u0131 kar\u015f\u0131ya kalm\u0131\u015ft\u0131r. Son derece bula\u015f\u0131c\u0131 yap\u0131ya sahip vir\u00fcs; s\u0131n\u0131r ticareti, hayvan hareketlili\u011fi ve yabani \u00e7ift t\u0131rnakl\u0131 t\u00fcrler \u00fczerinden k\u0131sa s\u00fcrede bir\u00e7ok ile ta\u015f\u0131nm\u0131\u015f, b\u00fcy\u00fckba\u015f hayvanc\u0131l\u0131\u011f\u0131n yo\u011fun oldu\u011fu b\u00f6lgelerde h\u0131zl\u0131 bir yay\u0131l\u0131m g\u00f6stermi\u015ftir. \u015eap salg\u0131n\u0131n\u0131n yol a\u00e7t\u0131\u011f\u0131 akut enfeksiyon ve \u00fcretim kay\u0131plar\u0131, \u00fclkenin hayvansal \u00fcretim kapasitesini tehdit eden \u00f6nemli bir kriz haline gelmi\u015ftir&#8221; dedi.<br \/>\n<br \/>Hastal\u0131\u011f\u0131n \u00e7ok y\u00fcksek bula\u015f\u0131c\u0131l\u0131\u011f\u0131 nedeniyle, karantina tedbirlerinin s\u0131k\u0131 uygulanmas\u0131 ve hastal\u0131k \u00e7\u0131kan i\u015fletmelerin yak\u0131nlar\u0131ndaki i\u015fletmelerin, o b\u00f6lgede g\u00f6r\u00fclen tip ve \u015fap enstit\u00fcs\u00fcnde \u00fcretilen a\u015f\u0131 ile \u00f6nerilen s\u00fcrede (21-28 g\u00fcn) rapelleri beraber uygulanmas\u0131 gerekti\u011fini kaydeden ADSYB Y\u00f6netim Kurulu Ba\u015fkan\u0131 Mehmet Sedat G\u00fcng\u00f6r, &#8220;Sahadan gelen bilgiler, \u015fap salg\u0131n\u0131n\u0131n \u00f6zellikle s\u00fct ve et \u00fcretimiyle ge\u00e7imini sa\u011flayan aile i\u015fletmelerini derinden etkiledi\u011fini g\u00f6stermektedir. Verim d\u00fc\u015f\u00fc\u015fleri, artan tedavi giderleri ve buza\u011f\u0131 kay\u0131plar\u0131 nedeniyle bir\u00e7ok yeti\u015ftirici bor\u00e7lar\u0131n\u0131 \u00f6deyemez durumdad\u0131r. Devletin sorumlulu\u011funda olan bu hastal\u0131kla m\u00fccadelede meydana gelen kay\u0131plar, yeti\u015ftiriciyi ekonomik olarak a\u011f\u0131r ma\u011fduriyete u\u011fratm\u0131\u015ft\u0131r. \u015eap hastal\u0131\u011f\u0131 sebebiyle ortaya \u00e7\u0131kan bu zarar yeti\u015ftiricinin tek ba\u015f\u0131na ta\u015f\u0131yabilece\u011fi bir y\u00fck de\u011fildir&#8221; diyerek yeti\u015ftiricin kredi bor\u00e7lar\u0131n\u0131n ertelenmesini ve desteklenmesini talep etti.<br \/>\n<br \/>Bu y\u0131l g\u00f6r\u00fclen \u015fap vakas\u0131na kar\u015f\u0131 \u00fcreticilerin ellerinden geldi\u011fince biyog\u00fcvenlik \u00f6nlemleri almas\u0131na ra\u011fmen hastal\u0131ktan ka\u00e7amad\u0131\u011f\u0131n\u0131 da belirten Ba\u015fkan G\u00fcng\u00f6r, tar\u0131m alan\u0131nda politika geli\u015ftirme, ekonomik etki analizi ve stratejik ara\u015ft\u0131rmalar yapan ba\u011f\u0131ms\u0131z bir d\u00fc\u015f\u00fcnce kurulu\u015fu TARPOL (Tar\u0131msal Strateji ve Politika Geli\u015ftirme Merkezi) taraf\u0131ndan  2025 y\u0131l\u0131 i\u00e7inde yay\u0131nlanan  \u2018\u015eap Hastal\u0131\u011f\u0131 Ekonomik Etki Raporu\u2019, T\u00fcrkiye\u2019de b\u00fcy\u00fckba\u015f hayvan varl\u0131\u011f\u0131n\u0131n yaln\u0131zca y\u00fczde 30\u2019unun etkilenmesi durumunda dahi toplam ekonomik kayb\u0131n 4,1 milyar dolara ula\u015fabilece\u011fini ortaya koymaktad\u0131r. Bu kayb\u0131n i\u00e7inde \u00f6zellikle yeti\u015ftiricileri etkileyen; et \u00fcretim kayb\u0131, s\u00fct verimindeki d\u00fc\u015f\u00fc\u015f, tedavi ve ila\u00e7 giderleri ile buza\u011f\u0131 \u00f6l\u00fcmleri toplamda 3,62 milyar dolarl\u0131k bir zarar olu\u015fturmaktad\u0131r. Bu bulgular, \u015fap hastal\u0131\u011f\u0131n\u0131n yaln\u0131zca biyolojik bir tehdit olmad\u0131\u011f\u0131n\u0131; do\u011frudan yeti\u015ftiricinin \u00fczerinde kendi imkanlar\u0131yla kar\u015f\u0131lanamayacak \u00f6l\u00e7ekte bir ekonomik y\u00fck olu\u015fturdu\u011funu g\u00f6stermektedir. Yeti\u015ftiriciler, bir yandan gelir kayb\u0131yla kar\u015f\u0131 kar\u015f\u0131ya kal\u0131rken, di\u011fer yandan h\u0131zla artan giderlerin bask\u0131s\u0131 alt\u0131nda \u00fcretimlerini s\u00fcrd\u00fcrmeye \u00e7al\u0131\u015fmaktad\u0131r. Devletimiz, yak\u0131n zamanda meydana gelen don afetinde \u00fcreticilerin zararlar\u0131n\u0131 \u00fcstlenerek \u00f6nemli bir destek \u00f6rne\u011fi g\u00f6stermi\u015ftir. \u015eap hastal\u0131\u011f\u0131 ile m\u00fccadele devletin do\u011frudan sorumlulu\u011funda y\u00fcr\u00fct\u00fclen bir s\u00fcre\u00e7tir ve don afetindeki ayn\u0131 koruyucu yakla\u015f\u0131m\u0131n burada da uygulanmas\u0131 yeti\u015ftirici ma\u011fduriyetinin giderilmesi a\u00e7\u0131s\u0131ndan b\u00fcy\u00fck \u00f6nem ta\u015f\u0131maktad\u0131r&#8221; dedi.<br \/>\n<br \/>A\u00e7\u0131klamas\u0131nda al\u0131nmas\u0131 gereken \u00f6nlemlerden de s\u00f6z eden ADSYB Y\u00f6netim Kurulu Ba\u015fkan\u0131 Mehmet Sedat G\u00fcng\u00f6r, &#8220;Yeti\u015fticilerimizin bor\u00e7 \u00f6deme kapasitesi fiilen ortadan kalkm\u0131\u015f durumdad\u0131r. \u015eap salg\u0131n\u0131 m\u00fccbir sebep ve do\u011fal afet benzeri bir durum olarak de\u011ferlendirilmelidir.  Bu nedenle hastal\u0131\u011f\u0131n g\u00f6r\u00fcld\u00fc\u011f\u00fc b\u00f6lgelerde Ziraat Bankas\u0131 ve Tar\u0131m Kredi Kooperatiflerine olan bor\u00e7lar\u0131n en az bir y\u0131l s\u00fcreyle faizsiz ertelenmesi zorunludur. Bu erteleme, i\u015fletmelerin nakit ak\u0131\u015f\u0131n\u0131 korumas\u0131 ve \u00fcretime devam edebilmesi i\u00e7in hayati \u00f6nemdedir.<br \/>\n<br \/>\u015eap \u00e7\u0131kan i\u015fletmelerde s\u00fct ve et verim kay\u0131plar\u0131 mutlaka kar\u015f\u0131lanmal\u0131d\u0131r. Tedavi giderleri, ila\u00e7 maliyetleri ve buza\u011f\u0131 kay\u0131plar\u0131 da destek kapsam\u0131na al\u0131nmal\u0131d\u0131r. Don afetlerinde uygulanan gelir kayb\u0131 deste\u011fi bunun g\u00fc\u00e7l\u00fc bir \u00f6rne\u011fidir. Ayn\u0131 yakla\u015f\u0131m\u0131n, hatta daha kapsaml\u0131 bi\u00e7imde, \u015fap salg\u0131n\u0131 ma\u011fduriyetlerinde de devreye al\u0131nmas\u0131 s\u00fcrd\u00fcr\u00fclebilir hayvansal \u00fcretim a\u00e7\u0131s\u0131ndan bir gerekliliktir.<br \/>\n<br \/>T\u00fcm \u00fclkenin etkilendi\u011fi bu salg\u0131nda s\u00fcte ve ete verilen destek art\u0131r\u0131lmal\u0131 konulan kriterlere bakmaks\u0131z\u0131n t\u00fcm i\u015fletmelere acilen destek verilmelidir.<br \/>\n<br \/>Bu \u00e7\u00f6z\u00fcm \u00f6nerilerinin h\u0131zla uygulanmas\u0131, hem mevcut krizin etkilerini azaltmak hem de yeti\u015ftiricinin \u00fcretimden kopmas\u0131n\u0131 \u00f6nlemek a\u00e7\u0131s\u0131ndan b\u00fcy\u00fck \u00f6nem ta\u015f\u0131maktad\u0131r. \u00dclkemizin hayvansal \u00fcretimi, k\u0131rsal istihdam\u0131 ve g\u0131da g\u00fcvencesi a\u00e7\u0131s\u0131ndan da stratejik \u00f6neme sahiptir&#8221; ifadelerine yer verdi.<br \/><\/p>\n","protected":false},"excerpt":{"rendered":"<p>Ayd\u0131n \u0130li Dam\u0131zl\u0131k S\u0131\u011f\u0131r Yeti\u015ftiricileri Birli\u011fi (ADSYB) Y\u00f6netim Kurulu Ba\u015fkan\u0131 Mehmet Sedat G\u00fcng\u00f6r, \u00fclke genelinde etkili olan \u015fap vakalar\u0131n\u0131n yeti\u015ftiricide yakla\u015f\u0131k 4 milyar dolar zarara neden oldu\u011funu belirterek hastal\u0131ktan etkilenen yeti\u015ftiricilerin Ziraat Bankas\u0131 ve Tar\u0131m Kredi Kooperatiflerine olan kredi bor\u00e7lar\u0131n\u0131n ertlenmesini talep petti. ADSYB Y\u00f6netim Kurulu Ba\u015fkan\u0131 Mehmet Sedat G\u00fcng\u00f6r, Tar\u0131msal Strateji ve Politika Geli\u015ftirme&#8230;<\/p>\n","protected":false},"author":1,"featured_media":70506,"comment_status":"open","ping_status":"open","sticky":false,"template":"","format":"standard","meta":{"_crdt_document":"","footnotes":""},"categories":[125],"tags":[],"class_list":["post-70505","post","type-post","status-publish","format-standard","has-post-thumbnail","hentry","category-ekonomi"],"_links":{"self":[{"href":"https:\/\/www.egemtv.com\/index.php?rest_route=\/wp\/v2\/posts\/70505","targetHints":{"allow":["GET"]}}],"collection":[{"href":"https:\/\/www.egemtv.com\/index.php?rest_route=\/wp\/v2\/posts"}],"about":[{"href":"https:\/\/www.egemtv.com\/index.php?rest_route=\/wp\/v2\/types\/post"}],"author":[{"embeddable":true,"href":"https:\/\/www.egemtv.com\/index.php?rest_route=\/wp\/v2\/users\/1"}],"replies":[{"embeddable":true,"href":"https:\/\/www.egemtv.com\/index.php?rest_route=%2Fwp%2Fv2%2Fcomments&post=70505"}],"version-history":[{"count":1,"href":"https:\/\/www.egemtv.com\/index.php?rest_route=\/wp\/v2\/posts\/70505\/revisions"}],"predecessor-version":[{"id":70507,"href":"https:\/\/www.egemtv.com\/index.php?rest_route=\/wp\/v2\/posts\/70505\/revisions\/70507"}],"wp:featuredmedia":[{"embeddable":true,"href":"https:\/\/www.egemtv.com\/index.php?rest_route=\/wp\/v2\/media\/70506"}],"wp:attachment":[{"href":"https:\/\/www.egemtv.com\/index.php?rest_route=%2Fwp%2Fv2%2Fmedia&parent=70505"}],"wp:term":[{"taxonomy":"category","embeddable":true,"href":"https:\/\/www.egemtv.com\/index.php?rest_route=%2Fwp%2Fv2%2Fcategories&post=70505"},{"taxonomy":"post_tag","embeddable":true,"href":"https:\/\/www.egemtv.com\/index.php?rest_route=%2Fwp%2Fv2%2Ftags&post=70505"}],"curies":[{"name":"wp","href":"https:\/\/api.w.org\/{rel}","templated":true}]}}